{"id":43942,"date":"2022-10-11T13:29:55","date_gmt":"2022-10-11T16:29:55","guid":{"rendered":"https:\/\/maricatotal.com.br\/site\/?p=43942"},"modified":"2022-10-11T13:29:56","modified_gmt":"2022-10-11T16:29:56","slug":"paulo-betti-apresenta-sua-autobiografia-autorizada","status":"publish","type":"post","link":"https:\/\/maricatotal.com.br\/site\/2022\/10\/11\/paulo-betti-apresenta-sua-autobiografia-autorizada\/","title":{"rendered":"Paulo Betti apresenta sua \u201cAutobiografia Autorizada\u201d\u00a0"},"content":{"rendered":"\n<p>O ator Paulo Betti apresentou seu mon\u00f3logo \u201cAutobiografia Autorizada\u201d no domingo (09\/10) e na segunda-feira (10\/10) reunindo cerca de 100 pessoas na Lona Cultural de Itaipua\u00e7u. O espet\u00e1culo \u00e9 parte da programa\u00e7\u00e3o do Festival de Artes C\u00eanicas de Maric\u00e1 (Festacem), promovido pela Prefeitura de Maric\u00e1, por meio da Secretaria de Cultura, com atra\u00e7\u00f5es at\u00e9 quarta-feira (12\/10) nos palcos de Itaipua\u00e7u, Ponta Negra, Parque Nanci e na Barra de Maric\u00e1.<\/p>\n\n\n\n<p>\u201cContei para Maric\u00e1 um pouco da minha fixa\u00e7\u00e3o pela mem\u00f3ria da minha inf\u00e2ncia e adolesc\u00eancia. Nesse mon\u00f3logo compartilho fotos, detalhes, que ao mesmo tempo \u00e9 po\u00e9tico. Compartilho com o intuito de provocar risadas, emo\u00e7\u00f5es, distrair, gerar entretenimento e passar minha hist\u00f3ria\u201d, resumiu o ator Paulo Betti dizendo que amou a cidade. \u201cEu amei Maric\u00e1. Andei de bicicleta, adorei saber que 99% dos alunos s\u00e3o bolsistas pela Prefeitura. Adorei o cidade e estou apaixonada por Maric\u00e1\u201d, finalizou.<\/p>\n\n\n\n<p>O espet\u00e1culo \u00e9 caprichado com ilumina\u00e7\u00e3o, figurino, trilha sonora, cen\u00e1rio e belas proje\u00e7\u00f5es e foi inspirado na inusitada hist\u00f3ria de supera\u00e7\u00e3o de Paulo, que percorre o trajeto riqu\u00edssimo da ro\u00e7a at\u00e9 a cidade. Paulo, 15\u00b0 filho de sua m\u00e3e, conta sua hist\u00f3ria, com fotos e detalhes pessoais e um pouco da imigra\u00e7\u00e3o italiana no Brasil.<\/p>\n\n\n\n<p>Para M\u00f4nica Mota, 44 anos, moradora de Itaipua\u00e7u, o evento mostra que o teatro traz luz e oferta bons espet\u00e1culos para a popula\u00e7\u00e3o.<\/p>\n\n\n\n<p>\u201cTem humor e tem emo\u00e7\u00e3o. Isso tudo de gra\u00e7a. Eu adorei! Esse j\u00e1 \u00e9 o terceiro dia que trago minha fam\u00edlia para assistir as pe\u00e7as de teatro e se divertir gratuitamente\u201d, comentou.<\/p>\n\n\n\n<p><strong>Sobre Paulo Betti<\/strong><\/p>\n\n\n\n<p>Paulo Betti \u00e9 ator, famoso por pap\u00e9is de destaque na TV, no teatro e, tamb\u00e9m, no cinema. Ingressou nos palcos na d\u00e9cada de 1970. Na TV, fez novelas na antiga emissora Tupi e na Band a partir dos anos 1980, antes de se fixar na Globo. Entre os personagens mais lembrados, est\u00e3o Tim\u00f3teo de Tieta (1989), Wanderley de Mulheres de Areia (1993), o Prefeito Ypiranga Pitiguary de A Indomada (1997), o vil\u00e3o Higino Ventura de For\u00e7a de um Desejo (1999), o fofoqueiro T\u00e9o Pereira de Imp\u00e9rio (2014). Tamb\u00e9m atuou em dezenas de filmes e pe\u00e7as de teatro.<\/p>\n\n\n\n<p><strong>Programa\u00e7\u00e3o do Festacem:<\/strong><\/p>\n\n\n\n<p>Lona Cultural Marielle Franco (R. Jo\u00e3o Frejat, Zacarias)<br>11\/10 \u2013 14h \u2013 Se essa rua fosse minha; 20h \u2013 Trajet\u00f3ria (Tonico Pereira)<br>12\/10 \u2013 15h \u2013 Aprendiz de Mago (Santiago Galassi); 18h \u2013 Pura Traquinagem (Cia. Teatro de M\u00e1scaras)<\/p>\n\n\n\n<p>Orla do Parque Nanci<br>11\/10 \u2013 14h \u2013 Encantorias do vento; 20h \u2013 Olha-te (Cia Resenha Teatral)<br>12\/10 \u2013 15h \u2013 Lendas e Ritmos do Brasil; 18h \u2013 Dragon o M\u00e1gico<\/p>\n\n\n\n<p>Lona Cultural de Itaipua\u00e7u<br>11\/10 \u2013 14h \u2013 Lendas e Ritmos do Brasil (Mauro Ramos); 20h \u2013 Naitsu (Mariana Sailormoon)<br>12\/10 \u2013 15h \u2013 Pura Traquinagem (Cia. Teatro de M\u00e1scaras); 18h \u2013 Se essa rua fosse minha<\/p>\n\n\n\n<p>Ponta Negra (Avenida Prefeito Arthurzinho Rangel 150)<\/p>\n\n\n\n<p>11\/10 \u2013 14h \u2013 Pura Traquinagem; 20h \u2013 RESpira (Thiago Piquet)<br>12\/10 \u2013 15h \u2013 Dragon o M\u00e1gico; 18h \u2013 Encantorias do vento<\/p>\n","protected":false},"excerpt":{"rendered":"<p>O ator Paulo Betti apresentou seu mon\u00f3logo \u201cAutobiografia Autorizada\u201d no domingo (09\/10) e na segunda-feira (10\/10) reunindo cerca de 100<\/p>\n","protected":false},"author":1,"featured_media":43944,"comment_status":"open","ping_status":"open","sticky":false,"template":"","format":"standard","meta":{"colormag_page_container_layout":"default_layout","colormag_page_sidebar_layout":"default_layout","footnotes":""},"categories":[18],"tags":[],"class_list":["post-43942","post","type-post","status-publish","format-standard","has-post-thumbnail","hentry","category-entretenimento"],"amp_enabled":true,"_links":{"self":[{"href":"https:\/\/maricatotal.com.br\/site\/wp-json\/wp\/v2\/posts\/43942","targetHints":{"allow":["GET"]}}],"collection":[{"href":"https:\/\/maricatotal.com.br\/site\/wp-json\/wp\/v2\/posts"}],"about":[{"href":"https:\/\/maricatotal.com.br\/site\/wp-json\/wp\/v2\/types\/post"}],"author":[{"embeddable":true,"href":"https:\/\/maricatotal.com.br\/site\/wp-json\/wp\/v2\/users\/1"}],"replies":[{"embeddable":true,"href":"https:\/\/maricatotal.com.br\/site\/wp-json\/wp\/v2\/comments?post=43942"}],"version-history":[{"count":1,"href":"https:\/\/maricatotal.com.br\/site\/wp-json\/wp\/v2\/posts\/43942\/revisions"}],"predecessor-version":[{"id":43945,"href":"https:\/\/maricatotal.com.br\/site\/wp-json\/wp\/v2\/posts\/43942\/revisions\/43945"}],"wp:featuredmedia":[{"embeddable":true,"href":"https:\/\/maricatotal.com.br\/site\/wp-json\/wp\/v2\/media\/43944"}],"wp:attachment":[{"href":"https:\/\/maricatotal.com.br\/site\/wp-json\/wp\/v2\/media?parent=43942"}],"wp:term":[{"taxonomy":"category","embeddable":true,"href":"https:\/\/maricatotal.com.br\/site\/wp-json\/wp\/v2\/categories?post=43942"},{"taxonomy":"post_tag","embeddable":true,"href":"https:\/\/maricatotal.com.br\/site\/wp-json\/wp\/v2\/tags?post=43942"}],"curies":[{"name":"wp","href":"https:\/\/api.w.org\/{rel}","templated":true}]}}