{"id":44009,"date":"2022-10-13T08:51:14","date_gmt":"2022-10-13T11:51:14","guid":{"rendered":"https:\/\/maricatotal.com.br\/site\/?p=44009"},"modified":"2022-10-13T08:51:14","modified_gmt":"2022-10-13T11:51:14","slug":"prefeitura-de-marica-celebra-o-dia-das-criancas-com-serie-de-atividades","status":"publish","type":"post","link":"https:\/\/maricatotal.com.br\/site\/2022\/10\/13\/prefeitura-de-marica-celebra-o-dia-das-criancas-com-serie-de-atividades\/","title":{"rendered":"Prefeitura de Maric\u00e1 celebra o Dia das Crian\u00e7as com s\u00e9rie de atividades"},"content":{"rendered":"\n<p>O feriado do dia de Nossa Senhora Aparecida, Padroeira do Brasil, que coincide com o Dia das Crian\u00e7as, foi marcado por uma s\u00e9rie de atividades promovidas pela Prefeitura de Maric\u00e1 para os pequenos: a\u00e7\u00f5es de esporte, lazer, sa\u00fade e cultura, tudo entremeado por muita divers\u00e3o, espalhadas por toda a cidade nesta quarta-feira, 12 de outubro.<\/p>\n\n\n\n<p>Logo pela manh\u00e3, a equipe da subsecretaria de Odontologia da Secretaria de Sa\u00fade estava a postos com uma unidade m\u00f3vel na Pra\u00e7a Orlando de Barros Pimentel, no Centro, onde os t\u00e9cnicos orientavam a crian\u00e7ada sobre a maneira correta de fazer a higiene bucal. Com entrega de brindes, kits de pintura e de higiene bucal, al\u00e9m de brincadeiras, os presentes puderam tamb\u00e9m assistir a uma apresenta\u00e7\u00e3o de teatro de bonecos \u2013 sobre a import\u00e2ncia da escova\u00e7\u00e3o dos dentes. As crian\u00e7as que necessitavam de atendimento odontol\u00f3gico foram direcionadas para atendimento com a odontopediatra, no Centro de Especialidades Odontol\u00f3gicas.<\/p>\n\n\n\n<p>\u201cFoi uma a\u00e7\u00e3o em que as crian\u00e7as foram extremamente participativas, estavam interessadas em aprender realmente a forma correta de escovar os dentes\u201d, disse Aline Marques, coordenadora de odontologia da Secretaria de Sa\u00fade.<\/p>\n\n\n\n<p>J\u00e1 a mais nova \u00e1rea de lazer da cidade, o Parque Linear do Flamengo, recebeu uma edi\u00e7\u00e3o esoecial da Caravana Maric\u00e1 + Esporte e Lazer, da Secretaria de Esporte e Lazer com destaque para as paredes de escalada projetadas para os pequenos, que atra\u00edram novos candidatos a praticantes de esportes radicais, sempre orientados sobre o uso dos equipamentos de seguran\u00e7a, como capacetes e cordas.<\/p>\n\n\n\n<p><strong>Vermelhinho das Crian\u00e7as<\/strong><\/p>\n\n\n\n<p>Ao longo do dia, a Empresa P\u00fablica de Transportes (EPT) colaborou com a festa levando o \u201cVermelhinho das Crian\u00e7as\u201d aos quatro distritos da cidade, onde os pequenos usu\u00e1rios tiveram seu dia de motoristas dos \u00f4nibus tarifa zero, com direito a foto registrada \u2013 e dispon\u00edvel para download \u2013 no site oficial da autarquia ( www.eptmarica.rj.gov.br). Tamb\u00e9m fizeram sucesso as \u201cvermelhinhas\u201d \u2013 como s\u00e3o conhecidas as bicicletas compartilhadas \u2013 infantis, com as rodinhas de apoio, que tamb\u00e9m serviram para muitas poses da crian\u00e7ada.<\/p>\n\n\n\n<p><strong>Cultura encerra festival de teatro com pe\u00e7as infantis<\/strong><\/p>\n\n\n\n<p>O dia de festa coincidiu com o encerramento do Festival de Artes C\u00eanicas de Maric\u00e1 (Festacem), que desde o dia 6 levou apresenta\u00e7\u00f5es teatrais aos palcos montados nas lonas culturais Marielle Franco (Barra de Maric\u00e1) e Beth Carvalho (Itaipua\u00e7u), na Pra\u00e7a Nossa Senhora das Gra\u00e7as, em Ponta Negra, e na orla do Parque Nanci. A quarta-feira teve oito apresenta\u00e7\u00f5es voltadas exclusivamente aos pequenos, como a \u201cAprendiz de Mago\u201d, de Santiago Galassi, que divertiu o p\u00fablico na Barra.<\/p>\n\n\n\n<p>\u201cO teatro infantil vai muito al\u00e9m do entretenimento. \u00c9 um instrumento de forma\u00e7\u00e3o da consci\u00eancia das crian\u00e7as, despertando o interesse para a magia po\u00e9tica da linguagem teatral. A cultura \u00e9 necessidade b\u00e1sica e aqui em Maric\u00e1 temos isso de forma gratuita\u201d, disse o secret\u00e1rio de Cultura, Sady Bianchin.<\/p>\n","protected":false},"excerpt":{"rendered":"<p>O feriado do dia de Nossa Senhora Aparecida, Padroeira do Brasil, que coincide com o Dia das Crian\u00e7as, foi marcado<\/p>\n","protected":false},"author":1,"featured_media":44010,"comment_status":"open","ping_status":"open","sticky":false,"template":"","format":"standard","meta":{"colormag_page_container_layout":"default_layout","colormag_page_sidebar_layout":"default_layout","footnotes":""},"categories":[18],"tags":[],"class_list":["post-44009","post","type-post","status-publish","format-standard","has-post-thumbnail","hentry","category-entretenimento"],"amp_enabled":true,"_links":{"self":[{"href":"https:\/\/maricatotal.com.br\/site\/wp-json\/wp\/v2\/posts\/44009","targetHints":{"allow":["GET"]}}],"collection":[{"href":"https:\/\/maricatotal.com.br\/site\/wp-json\/wp\/v2\/posts"}],"about":[{"href":"https:\/\/maricatotal.com.br\/site\/wp-json\/wp\/v2\/types\/post"}],"author":[{"embeddable":true,"href":"https:\/\/maricatotal.com.br\/site\/wp-json\/wp\/v2\/users\/1"}],"replies":[{"embeddable":true,"href":"https:\/\/maricatotal.com.br\/site\/wp-json\/wp\/v2\/comments?post=44009"}],"version-history":[{"count":1,"href":"https:\/\/maricatotal.com.br\/site\/wp-json\/wp\/v2\/posts\/44009\/revisions"}],"predecessor-version":[{"id":44011,"href":"https:\/\/maricatotal.com.br\/site\/wp-json\/wp\/v2\/posts\/44009\/revisions\/44011"}],"wp:featuredmedia":[{"embeddable":true,"href":"https:\/\/maricatotal.com.br\/site\/wp-json\/wp\/v2\/media\/44010"}],"wp:attachment":[{"href":"https:\/\/maricatotal.com.br\/site\/wp-json\/wp\/v2\/media?parent=44009"}],"wp:term":[{"taxonomy":"category","embeddable":true,"href":"https:\/\/maricatotal.com.br\/site\/wp-json\/wp\/v2\/categories?post=44009"},{"taxonomy":"post_tag","embeddable":true,"href":"https:\/\/maricatotal.com.br\/site\/wp-json\/wp\/v2\/tags?post=44009"}],"curies":[{"name":"wp","href":"https:\/\/api.w.org\/{rel}","templated":true}]}}