{"id":44024,"date":"2022-10-13T14:49:41","date_gmt":"2022-10-13T17:49:41","guid":{"rendered":"https:\/\/maricatotal.com.br\/site\/?p=44024"},"modified":"2022-10-13T14:49:41","modified_gmt":"2022-10-13T17:49:41","slug":"prefeitura-de-marica-entrega-14-casas-do-programa-habitar-em-itaocaia-valley","status":"publish","type":"post","link":"https:\/\/maricatotal.com.br\/site\/2022\/10\/13\/prefeitura-de-marica-entrega-14-casas-do-programa-habitar-em-itaocaia-valley\/","title":{"rendered":"Prefeitura de Maric\u00e1 entrega 14 casas do Programa Habitar, em Itaocaia Valley"},"content":{"rendered":"\n<p>A Prefeitura de Maric\u00e1, por meio da Secretaria de Habita\u00e7\u00e3o e Assentamentos Humanos, entregou nesta quinta-feira (13\/10) 14 casas na Rua Peri, em Itaocaia Valley, beneficiadas pelo Programa Habitar \u2013 Moradia com Dignidade. O programa consiste na regulariza\u00e7\u00e3o dos im\u00f3veis e em melhorias com reformas realizadas gratuitamente para fam\u00edlias de baixa renda. Nessa primeira fase ser\u00e3o contempladas 300 casas, sendo que 20 delas j\u00e1 foram conclu\u00eddas e entregues aos moradores, todas localizadas no distrito de Itaipua\u00e7u.<\/p>\n\n\n\n<p>O prefeito Fabiano Horta ressaltou que o intuito da reforma \u00e9 oferecer dignidade aos moradores com melhorias do ambiente interno das casas, tornando-o agrad\u00e1vel e funcional. \u201cEssa obra se alongou um pouco, mas ao final a comunidade ficou feliz em ter as casas reformadas. \u00c9 uma tarefa da cidade construir um ambiente dom\u00e9stico de qualidade e ajudar as pessoas a terem uma vida mais digna. A habita\u00e7\u00e3o \u00e9 uma coisa de longo prazo, que tem o tempo dela porque depende de alguns fatores, mas com este programa garantimos, al\u00e9m da moradia, sa\u00fade p\u00fablica e acessibilidade\u201d, disse ele.<\/p>\n\n\n\n<p>O secret\u00e1rio de Habita\u00e7\u00e3o e Assentamentos Humanos, Victor Maia, explicou que o programa proporciona moradia digna \u00e0 popula\u00e7\u00e3o com diversas melhorias. S\u00e3o observados itens como salubridade, seguran\u00e7a e conforto t\u00e9rmico \u2013 o que pode acarretar em a\u00e7\u00f5es como instala\u00e7\u00f5es el\u00e9tricas, corre\u00e7\u00f5es na altura e nas janelas dos im\u00f3veis, constru\u00e7\u00e3o de muros e itens de acessibilidade, se necess\u00e1rio, e at\u00e9 constru\u00e7\u00e3o de banheiros onde n\u00e3o houver.<\/p>\n\n\n\n<p>\u201cAs reformas s\u00e3o diversas, desde a coloca\u00e7\u00e3o de pisos, a telhados, forro, reforma de banheiro, entre outras, de acordo com a necessidade do morador. O Programa Habitar entrega um direito b\u00e1sico do cidad\u00e3o, que \u00e9 o direito \u00e0 moradia digna que, ao mesmo tempo, beneficia a sa\u00fade, a mobilidade e a seguran\u00e7a dos moradores, sem falar no direito que eles t\u00eam de ter seu lugar de paz junto \u00e0 fam\u00edlia\u201d, declarou o secret\u00e1rio.<\/p>\n\n\n\n<p><strong>Moradores de casa nova<\/strong><\/p>\n\n\n\n<p>Um dos contemplados foi o aposentado Nailton Alves Pereira, 66 anos, que recebeu as chaves de sua casa reformada e regularizada. \u201cEstou extremamente feliz em ter a minha casinha reformada. A casa est\u00e1 mais ajeitada, tem piso em tudo, janelas novas e toda pintada. Achei tudo perfeito!\u201d, comentou o morador.<\/p>\n\n\n\n<p>Ao visitar sua resid\u00eancia, o morador Ermes Nazar\u00e9 se apaixonou por cada detalhe e expressou sua impress\u00e3o. \u201c\u00c9 uma sensa\u00e7\u00e3o maravilhosa. S\u00f3 quem viu a casa antes pode ter certeza de que agora ela est\u00e1 linda, 100%. O pessoal que trabalhou aqui tem uma no\u00e7\u00e3o bem maior de reforma do que n\u00f3s. Eu s\u00f3 tenho que agradecer todos da equipe por essa obra imensa, que foi feita com carinho e com muita qualidade. Achei, sinceramente, que n\u00e3o iria acontecer do jeito que eu imaginava e, atualmente, entro em minha resid\u00eancia e me apaixono por cada detalhe\u201d, disse.<\/p>\n\n\n\n<p>Emocionada, a dona de casa Elizabeth da Concei\u00e7\u00e3o, 41 anos, agradeceu a reforma da casa e contou que n\u00e3o tinha previs\u00e3o para realizar as obras, diante da situa\u00e7\u00e3o financeira da fam\u00edlia.<br>\u201cMinha casa n\u00e3o tinha cobertura no banheiro e nem na cozinha. Agora a casa ficou muito bonita, mudou muito e eu estou muito feliz, pois n\u00e3o sei quando teria condi\u00e7\u00f5es de reform\u00e1-la. N\u00e3o tenho nem palavras para descrever minha alegria\u201d, contou.<\/p>\n\n\n\n<p>Os benefici\u00e1rios passaram pelo programa de regulariza\u00e7\u00e3o fundi\u00e1ria da Secretaria de Habita\u00e7\u00e3o, com objetivo de reconhecimento e garantia da perman\u00eancia em seus lotes e agora o programa de melhorias habitacionais busca a garantia da dignidade da moradia, como resposta ao d\u00e9ficit qualitativo das resid\u00eancias, que tem como principais pilares seguran\u00e7a, acessibilidade, conforto ambiental e salubridade. Os servi\u00e7os s\u00e3o executados considerando as necessidades de cada fam\u00edlia, seguindo uma ordem de prioridade de interven\u00e7\u00e3o.<\/p>\n\n\n\n<p><strong>Programa Habitar<\/strong><\/p>\n\n\n\n<p>O Programa Habitar tem como objetivo a garantia do direito social \u00e0 moradia com qualidade e seguran\u00e7a, destinado \u00e0 popula\u00e7\u00e3o em situa\u00e7\u00e3o de vulnerabilidade. A partir do entendimento da moradia como direito social, a pol\u00edtica habitacional de Maric\u00e1 tem como objetivo combater o d\u00e9ficit quantitativo e qualitativo habitacional da cidade. Todos os programas que ele abrange est\u00e3o interligados de forma que, de acordo com a necessidade, os benefici\u00e1rios sejam atendidos por mais de um programa at\u00e9 a garantia plena do seu direito.<\/p>\n","protected":false},"excerpt":{"rendered":"<p>A Prefeitura de Maric\u00e1, por meio da Secretaria de Habita\u00e7\u00e3o e Assentamentos Humanos, entregou nesta quinta-feira (13\/10) 14 casas na<\/p>\n","protected":false},"author":1,"featured_media":44026,"comment_status":"open","ping_status":"open","sticky":false,"template":"","format":"standard","meta":{"colormag_page_container_layout":"default_layout","colormag_page_sidebar_layout":"default_layout","footnotes":""},"categories":[18,17],"tags":[],"class_list":["post-44024","post","type-post","status-publish","format-standard","has-post-thumbnail","hentry","category-entretenimento","category-politica"],"amp_enabled":true,"_links":{"self":[{"href":"https:\/\/maricatotal.com.br\/site\/wp-json\/wp\/v2\/posts\/44024","targetHints":{"allow":["GET"]}}],"collection":[{"href":"https:\/\/maricatotal.com.br\/site\/wp-json\/wp\/v2\/posts"}],"about":[{"href":"https:\/\/maricatotal.com.br\/site\/wp-json\/wp\/v2\/types\/post"}],"author":[{"embeddable":true,"href":"https:\/\/maricatotal.com.br\/site\/wp-json\/wp\/v2\/users\/1"}],"replies":[{"embeddable":true,"href":"https:\/\/maricatotal.com.br\/site\/wp-json\/wp\/v2\/comments?post=44024"}],"version-history":[{"count":1,"href":"https:\/\/maricatotal.com.br\/site\/wp-json\/wp\/v2\/posts\/44024\/revisions"}],"predecessor-version":[{"id":44027,"href":"https:\/\/maricatotal.com.br\/site\/wp-json\/wp\/v2\/posts\/44024\/revisions\/44027"}],"wp:featuredmedia":[{"embeddable":true,"href":"https:\/\/maricatotal.com.br\/site\/wp-json\/wp\/v2\/media\/44026"}],"wp:attachment":[{"href":"https:\/\/maricatotal.com.br\/site\/wp-json\/wp\/v2\/media?parent=44024"}],"wp:term":[{"taxonomy":"category","embeddable":true,"href":"https:\/\/maricatotal.com.br\/site\/wp-json\/wp\/v2\/categories?post=44024"},{"taxonomy":"post_tag","embeddable":true,"href":"https:\/\/maricatotal.com.br\/site\/wp-json\/wp\/v2\/tags?post=44024"}],"curies":[{"name":"wp","href":"https:\/\/api.w.org\/{rel}","templated":true}]}}