{"id":44093,"date":"2022-10-14T14:38:53","date_gmt":"2022-10-14T17:38:53","guid":{"rendered":"https:\/\/maricatotal.com.br\/site\/?p=44093"},"modified":"2022-10-14T17:44:44","modified_gmt":"2022-10-14T20:44:44","slug":"homem-sofre-tentativa-de-homicidio-em-marica","status":"publish","type":"post","link":"https:\/\/maricatotal.com.br\/site\/2022\/10\/14\/homem-sofre-tentativa-de-homicidio-em-marica\/","title":{"rendered":"<strong>Homem sofre tentativa de homic\u00eddio em Maric\u00e1&nbsp;&nbsp;<\/strong>"},"content":{"rendered":"\n<figure class=\"wp-block-image size-large\"><img loading=\"lazy\" decoding=\"async\" width=\"837\" height=\"1024\" src=\"https:\/\/maricatotal.com.br\/site\/wp-content\/uploads\/2022\/10\/F9E243D0-49A2-4F52-8ABB-82F234D365C1-837x1024.jpeg\" alt=\"\" class=\"wp-image-44091\" srcset=\"https:\/\/maricatotal.com.br\/site\/wp-content\/uploads\/2022\/10\/F9E243D0-49A2-4F52-8ABB-82F234D365C1-837x1024.jpeg 837w, https:\/\/maricatotal.com.br\/site\/wp-content\/uploads\/2022\/10\/F9E243D0-49A2-4F52-8ABB-82F234D365C1-245x300.jpeg 245w, https:\/\/maricatotal.com.br\/site\/wp-content\/uploads\/2022\/10\/F9E243D0-49A2-4F52-8ABB-82F234D365C1-768x940.jpeg 768w, https:\/\/maricatotal.com.br\/site\/wp-content\/uploads\/2022\/10\/F9E243D0-49A2-4F52-8ABB-82F234D365C1.jpeg 900w\" sizes=\"auto, (max-width: 837px) 100vw, 837px\" \/><\/figure>\n\n\n\n<p>Um homem sofreu uma tentativa de homic\u00eddio em Maric\u00e1, no in\u00edcio da tarde desta sexta-feira (14).<\/p>\n\n\n\n<p>De acordo com informa\u00e7\u00f5es, o homem seguia em uma motocicleta quando foi surpreendido pelo autor do crime, que chegou em um carro e atropelou o condutor da moto.&nbsp;<\/p>\n\n\n\n<p>Ainda de acordo com informa\u00e7\u00f5es, o crime teria acontecido por ci\u00fames, pois o suspeito \u00e9 ex-marido da mulher da v\u00edtima.<\/p>\n\n\n\n<p>O homem sofreu diversos ferimentos pelo corpo ap\u00f3s o atropelamento. Bombeiros do Destacamento de Maric\u00e1 e socorristas do Servi\u00e7o de Atendimento M\u00f3vel de Urg\u00eancia (SAMU) foram acionados para o local.<\/p>\n\n\n\n<p>O acusado da tentativa de homic\u00eddio foi detido por guardas municipais e encaminhado para a 82\u00aa DP (Maric\u00e1). Em seguida, o homem foi levado para a Central de Flagrantes da Pol\u00edcia Civil, 76\u00aa DP, em Niter\u00f3i.<\/p>\n","protected":false},"excerpt":{"rendered":"<p>Um homem sofreu uma tentativa de homic\u00eddio em Maric\u00e1, no in\u00edcio da tarde desta sexta-feira (14). De acordo com informa\u00e7\u00f5es,<\/p>\n","protected":false},"author":1,"featured_media":0,"comment_status":"open","ping_status":"open","sticky":false,"template":"","format":"standard","meta":{"colormag_page_container_layout":"default_layout","colormag_page_sidebar_layout":"default_layout","footnotes":""},"categories":[1],"tags":[],"class_list":["post-44093","post","type-post","status-publish","format-standard","hentry","category-noticias"],"amp_enabled":true,"_links":{"self":[{"href":"https:\/\/maricatotal.com.br\/site\/wp-json\/wp\/v2\/posts\/44093","targetHints":{"allow":["GET"]}}],"collection":[{"href":"https:\/\/maricatotal.com.br\/site\/wp-json\/wp\/v2\/posts"}],"about":[{"href":"https:\/\/maricatotal.com.br\/site\/wp-json\/wp\/v2\/types\/post"}],"author":[{"embeddable":true,"href":"https:\/\/maricatotal.com.br\/site\/wp-json\/wp\/v2\/users\/1"}],"replies":[{"embeddable":true,"href":"https:\/\/maricatotal.com.br\/site\/wp-json\/wp\/v2\/comments?post=44093"}],"version-history":[{"count":3,"href":"https:\/\/maricatotal.com.br\/site\/wp-json\/wp\/v2\/posts\/44093\/revisions"}],"predecessor-version":[{"id":44105,"href":"https:\/\/maricatotal.com.br\/site\/wp-json\/wp\/v2\/posts\/44093\/revisions\/44105"}],"wp:attachment":[{"href":"https:\/\/maricatotal.com.br\/site\/wp-json\/wp\/v2\/media?parent=44093"}],"wp:term":[{"taxonomy":"category","embeddable":true,"href":"https:\/\/maricatotal.com.br\/site\/wp-json\/wp\/v2\/categories?post=44093"},{"taxonomy":"post_tag","embeddable":true,"href":"https:\/\/maricatotal.com.br\/site\/wp-json\/wp\/v2\/tags?post=44093"}],"curies":[{"name":"wp","href":"https:\/\/api.w.org\/{rel}","templated":true}]}}