{"id":44180,"date":"2022-10-17T09:29:05","date_gmt":"2022-10-17T12:29:05","guid":{"rendered":"https:\/\/maricatotal.com.br\/site\/?p=44180"},"modified":"2022-10-17T09:29:06","modified_gmt":"2022-10-17T12:29:06","slug":"criancas-em-ponta-negra-se-divertiram-na-tarde-alegre-do-esporte","status":"publish","type":"post","link":"https:\/\/maricatotal.com.br\/site\/2022\/10\/17\/criancas-em-ponta-negra-se-divertiram-na-tarde-alegre-do-esporte\/","title":{"rendered":"Crian\u00e7as em Ponta Negra se divertiram na \u2018Tarde Alegre do Esporte\u2019"},"content":{"rendered":"\n<p>A Prefeitura de Maric\u00e1, por meio da Secretaria de Esporte e Lazer, realizou neste domingo (16\/10), a \u2018Tarde Alegre do Esporte\u2019 no Campo de Ponta Negra F.C, em Ponta Negra. O evento, em comemora\u00e7\u00e3o ao Dia das Crian\u00e7as, teve divers\u00e3o com cama el\u00e1stica, pingue-pongue, futmesa, escalada, touro mec\u00e2nico, v\u00f4lei, futevolei, tobog\u00e3, brincadeiras infantis, como pula corda e cabo de guerra, show do m\u00e1gico Dragon, personagens vivos (Homem de Ferro, Buzz Light Yeae e Sonic), al\u00e9m de distribui\u00e7\u00e3o de algod\u00e3o doce, pipoca, picol\u00e9, cachorro quente, \u00e1gua e guaran\u00e1 natural.<\/p>\n\n\n\n<p>O secret\u00e1rio de Esporte e Lazer Filipe Bittencourt disse que o objetivo foi proporcionar um dia de divers\u00e3o para as crian\u00e7as. \u201cO brincar \u00e9 essencial na inf\u00e2ncia. Para n\u00f3s \u00e9 uma alegria imensa poder proporcionar dias assim para as crian\u00e7as\u201d, afirmou Filipe.<\/p>\n\n\n\n<p>Morador do bairro, Cleber Ara\u00fajo, de 58 anos, levou o filho Miguel, de 4 anos, para aproveitar as brincadeiras e brinquedos instalados no campo do Ponta Negra. \u201cOportunidade maravilhosa pra dar divertimento para as crian\u00e7as. Meu filho est\u00e1 gostando de tudo\u201d, disse Cleber.<\/p>\n\n\n\n<p>Cristiane Barbosa, de 33 anos, tambem moradora de Ponta Negra, levou o filho Jo\u00e3o Miguel, de 9 anos, para aproveitar a tarde de alegria. \u201cEstou adorando. Est\u00e1 super especial, muito calmo e divertido. Ele j\u00e1 jogou bola e comeu picol\u00e9. Est\u00e1 se divertindo muito\u201d, declarou Cristiane.<\/p>\n","protected":false},"excerpt":{"rendered":"<p>A Prefeitura de Maric\u00e1, por meio da Secretaria de Esporte e Lazer, realizou neste domingo (16\/10), a \u2018Tarde Alegre do<\/p>\n","protected":false},"author":1,"featured_media":44182,"comment_status":"open","ping_status":"open","sticky":false,"template":"","format":"standard","meta":{"colormag_page_container_layout":"default_layout","colormag_page_sidebar_layout":"default_layout","footnotes":""},"categories":[18],"tags":[],"class_list":["post-44180","post","type-post","status-publish","format-standard","has-post-thumbnail","hentry","category-entretenimento"],"amp_enabled":true,"_links":{"self":[{"href":"https:\/\/maricatotal.com.br\/site\/wp-json\/wp\/v2\/posts\/44180","targetHints":{"allow":["GET"]}}],"collection":[{"href":"https:\/\/maricatotal.com.br\/site\/wp-json\/wp\/v2\/posts"}],"about":[{"href":"https:\/\/maricatotal.com.br\/site\/wp-json\/wp\/v2\/types\/post"}],"author":[{"embeddable":true,"href":"https:\/\/maricatotal.com.br\/site\/wp-json\/wp\/v2\/users\/1"}],"replies":[{"embeddable":true,"href":"https:\/\/maricatotal.com.br\/site\/wp-json\/wp\/v2\/comments?post=44180"}],"version-history":[{"count":1,"href":"https:\/\/maricatotal.com.br\/site\/wp-json\/wp\/v2\/posts\/44180\/revisions"}],"predecessor-version":[{"id":44183,"href":"https:\/\/maricatotal.com.br\/site\/wp-json\/wp\/v2\/posts\/44180\/revisions\/44183"}],"wp:featuredmedia":[{"embeddable":true,"href":"https:\/\/maricatotal.com.br\/site\/wp-json\/wp\/v2\/media\/44182"}],"wp:attachment":[{"href":"https:\/\/maricatotal.com.br\/site\/wp-json\/wp\/v2\/media?parent=44180"}],"wp:term":[{"taxonomy":"category","embeddable":true,"href":"https:\/\/maricatotal.com.br\/site\/wp-json\/wp\/v2\/categories?post=44180"},{"taxonomy":"post_tag","embeddable":true,"href":"https:\/\/maricatotal.com.br\/site\/wp-json\/wp\/v2\/tags?post=44180"}],"curies":[{"name":"wp","href":"https:\/\/api.w.org\/{rel}","templated":true}]}}