{"id":44306,"date":"2022-10-19T15:42:45","date_gmt":"2022-10-19T18:42:45","guid":{"rendered":"https:\/\/maricatotal.com.br\/site\/?p=44306"},"modified":"2022-10-19T15:42:46","modified_gmt":"2022-10-19T18:42:46","slug":"defesa-civil-de-marica-realiza-mais-de-tres-mil-acoes-preventivas-nas-praias-da-cidade-no-fim-de-semana","status":"publish","type":"post","link":"https:\/\/maricatotal.com.br\/site\/2022\/10\/19\/defesa-civil-de-marica-realiza-mais-de-tres-mil-acoes-preventivas-nas-praias-da-cidade-no-fim-de-semana\/","title":{"rendered":"Defesa Civil de Maric\u00e1 realiza mais de tr\u00eas mil a\u00e7\u00f5es preventivas nas praias da cidade no fim de semana"},"content":{"rendered":"\n<p>A Prefeitura de Maric\u00e1, por meio da Secretaria de Prote\u00e7\u00e3o e Defesa Civil, realizou 3.565 a\u00e7\u00f5es preventivas e 46 salvamentos nas praias da cidade no \u00faltimo fim de semana e no feriado do com\u00e9rcio, entre os dias 14 e 17\/10, com foco na seguran\u00e7a de banhistas e para impedir afogamentos.<\/p>\n\n\n\n<p>O clima quente, com temperaturas acima dos 30\u00b0C, e o feriado do dia do Comerci\u00e1rio gerou um aumento no movimento nas praias da cidade, atraindo maricaenses e turistas.<\/p>\n\n\n\n<p>\u201c\u00c9 muito bom aproveitar o dia de lazer curtindo uma praia com a fam\u00edlia, mas as pessoas precisam estar atentas n\u00e3o s\u00f3 a orienta\u00e7\u00e3o dos guarda-vidas, como tamb\u00e9m ao bandeiramento. Em caso de d\u00favidas, moradores e turistas precisam buscar orienta\u00e7\u00e3o com um dos guarda-vidas presentes. Os profissionais est\u00e3o ali para ajudar e proteger a todos os frequentadores\u201d, declarou o secret\u00e1rio de Prote\u00e7\u00e3o e Defesa Civil de Maric\u00e1, Fabr\u00edcio Bittencourt.<\/p>\n\n\n\n<p>Diversos profissionais estiveram envolvidos no esquema especial de trabalho na orla, entre guarda-vidas, alunos da Defesa Civil da turma 2022 que est\u00e3o em treinamento e bombeiros militares que fazem parte do Programa Estadual de Implanta\u00e7\u00e3o de Servi\u00e7os (Proeis BM).<\/p>\n","protected":false},"excerpt":{"rendered":"<p>A Prefeitura de Maric\u00e1, por meio da Secretaria de Prote\u00e7\u00e3o e Defesa Civil, realizou 3.565 a\u00e7\u00f5es preventivas e 46 salvamentos<\/p>\n","protected":false},"author":1,"featured_media":44307,"comment_status":"open","ping_status":"open","sticky":false,"template":"","format":"standard","meta":{"colormag_page_container_layout":"default_layout","colormag_page_sidebar_layout":"default_layout","footnotes":""},"categories":[18],"tags":[],"class_list":["post-44306","post","type-post","status-publish","format-standard","has-post-thumbnail","hentry","category-entretenimento"],"amp_enabled":true,"_links":{"self":[{"href":"https:\/\/maricatotal.com.br\/site\/wp-json\/wp\/v2\/posts\/44306","targetHints":{"allow":["GET"]}}],"collection":[{"href":"https:\/\/maricatotal.com.br\/site\/wp-json\/wp\/v2\/posts"}],"about":[{"href":"https:\/\/maricatotal.com.br\/site\/wp-json\/wp\/v2\/types\/post"}],"author":[{"embeddable":true,"href":"https:\/\/maricatotal.com.br\/site\/wp-json\/wp\/v2\/users\/1"}],"replies":[{"embeddable":true,"href":"https:\/\/maricatotal.com.br\/site\/wp-json\/wp\/v2\/comments?post=44306"}],"version-history":[{"count":1,"href":"https:\/\/maricatotal.com.br\/site\/wp-json\/wp\/v2\/posts\/44306\/revisions"}],"predecessor-version":[{"id":44309,"href":"https:\/\/maricatotal.com.br\/site\/wp-json\/wp\/v2\/posts\/44306\/revisions\/44309"}],"wp:featuredmedia":[{"embeddable":true,"href":"https:\/\/maricatotal.com.br\/site\/wp-json\/wp\/v2\/media\/44307"}],"wp:attachment":[{"href":"https:\/\/maricatotal.com.br\/site\/wp-json\/wp\/v2\/media?parent=44306"}],"wp:term":[{"taxonomy":"category","embeddable":true,"href":"https:\/\/maricatotal.com.br\/site\/wp-json\/wp\/v2\/categories?post=44306"},{"taxonomy":"post_tag","embeddable":true,"href":"https:\/\/maricatotal.com.br\/site\/wp-json\/wp\/v2\/tags?post=44306"}],"curies":[{"name":"wp","href":"https:\/\/api.w.org\/{rel}","templated":true}]}}