{"id":44325,"date":"2022-10-20T09:18:27","date_gmt":"2022-10-20T12:18:27","guid":{"rendered":"https:\/\/maricatotal.com.br\/site\/?p=44325"},"modified":"2022-10-20T09:18:29","modified_gmt":"2022-10-20T12:18:29","slug":"debate-sobre-literatura-negro-afetiva-com-otavio-junior-e-sonia-rosa-marca-o-quinto-dia-da-festa-literaria-de-marica","status":"publish","type":"post","link":"https:\/\/maricatotal.com.br\/site\/2022\/10\/20\/debate-sobre-literatura-negro-afetiva-com-otavio-junior-e-sonia-rosa-marca-o-quinto-dia-da-festa-literaria-de-marica\/","title":{"rendered":"Debate sobre literatura negro afetiva com Ot\u00e1vio Junior e S\u00f4nia Rosa marca o quinto dia da Festa Liter\u00e1ria de Maric\u00e1\u00a0"},"content":{"rendered":"\n<p>A literatura negro afetiva foi tema de debate realizado na noite de ter\u00e7a-feira (18\/10), no quinto dia da Festa Liter\u00e1ria Internacional de Maric\u00e1 (Flim), organizada pela Prefeitura de Maric\u00e1, por meio da Secretaria de Educa\u00e7\u00e3o. O evento acontece at\u00e9 o dia 26\/10, das 8h \u00e0s 21h, na \u00e1rea externa do Centro Administrativo de Itaipua\u00e7u (Rua Van Lerbergue, n\u00b0 249), com entrada gratuita.<\/p>\n\n\n\n<p>Os escritores Ot\u00e1vio Junior e S\u00f4nia Rosa falaram sobre seus livros que t\u00eam negros como protagonistas. J\u00e1 os professores da rede municipal de ensino Douglas Heliedorio e Dilcemeres Jos\u00e9 Costa mostraram como utilizam o tema e as ideias dos autores em sala de aula.<\/p>\n\n\n\n<p>Na abertura, a escritora S\u00f4nia Rosa, autora de \u201cO Menino Nito\u201d, disse que escreveu a obra em 1988, e lan\u00e7ou em 1995, tendo um personagem negro como protagonista, porque na sua inf\u00e2ncia os livros representavam as pessoas negras de forma negativa, sem fam\u00edlia e sem hist\u00f3ria. Por isso, resolveu fazer diferente e lan\u00e7ou o livro que \u00e9 trabalhado nas escolas municipais de Maric\u00e1.<\/p>\n\n\n\n<p>Segundo ela, ap\u00f3s as cria\u00e7\u00f5es das leis 1.639\/2003 e 11.645\/2008 que estabelecem a obrigatoriedade do ensino da cultura afro-brasileira e ind\u00edgena na educa\u00e7\u00e3o b\u00e1sica, sendo marcos jur\u00eddicos importantes para reconhecimento da import\u00e2ncia cultural e hist\u00f3rica desses povos para o Brasil, muitos cursos foram abertos e ajudaram no aprofundamento dos saberes.<\/p>\n\n\n\n<p>\u201cApesar da maioria da popula\u00e7\u00e3o no Brasil ser negra com 54%, a gente tem no pa\u00eds um racismo estrutural. \u00c9 muito importante quando a Flim traz para o espa\u00e7o de poder homens e mulheres negras, mostrando a sensibilidade de Maric\u00e1 nessa perspectiva de contempla\u00e7\u00e3o da pessoa negra e d\u00e1 o exemplo para o mundo colocando na Flim esse protagonismo de autores e hist\u00f3rias\u201d, destacou S\u00f4nia.<\/p>\n\n\n\n<p><strong>Livros com protagonistas negros<\/strong><\/p>\n\n\n\n<p>Ot\u00e1vio Junior, vencedor do Pr\u00eamio Jabuti na categoria livro infantil em 2020 com a obra \u201cDa minha janela\u201d, disse que \u00e9 importante pensar na est\u00e9tica liter\u00e1ria com o negro afetivo e citou outras obras que escreveu colocando as pessoas negras como personagens principais. Em \u201cMenino Benjamin\u201d, fa\u00e7o uma homenagem ao primeiro palha\u00e7o negro do Brasil que foi Benjamin de Oliveira.<\/p>\n\n\n\n<p>\u201cDa minha janela\u201d mostra o olhar de uma crian\u00e7a negra que narra cada coisa, pessoa e animal que v\u00ea da sua janela em uma favela do Rio de Janeiro. Dela ele v\u00ea cores, tra\u00e7os, gestos, objetos e bichos cujas vidas podem ser parecidas ou diferentes da sua, mas com certeza t\u00eam algo a ensinar\u201d, pontuou o escritor, que recebeu um quadro pintado por Gabriel Correa Mar\u00e7al, de 10 anos, aluno do 5 ano da Escola Municipal Anisio Teixeira, de Itaipua\u00e7u, especialmente para o autor.<\/p>\n\n\n\n<p>\u201cImportante salientar o professor na vida dessa crian\u00e7a que trouxe a leitura e encantou o aluno. Que presente maravilhoso. Estou muito feliz e emocionado\u201d, disse Ot\u00e1vio.<\/p>\n\n\n\n<p>Com um olhar encantado, o menino Gabriel recebeu das m\u00e3os de Ot\u00e1vio o livro autografado e contou porque resolveu fazer essa homenagem. \u201cGostei muito do livro porque ensina que a favela n\u00e3o \u00e9 s\u00f3 tr\u00e1fico, coisa ruim. Mostra que na favela tamb\u00e9m tem alegria\u201d, afirmou.<\/p>\n\n\n\n<p>O professor na vida de Gabriel, citado pelo escritor Ot\u00e1vio Junior, \u00e9 Douglas Heliedorio, que tamb\u00e9m trabalha com Educa\u00e7\u00e3o de Jovens e Adultos (EJA) em Maric\u00e1. Ele estudou em escola p\u00fablica no Rio de Janeiro, onde nasceu e cresceu \u2013 morou na favela de Rio das Pedras, em Jacarepagu\u00e1 -, mas escolheu trabalhar na rede municipal de ensino de Maric\u00e1 por acreditar no projeto constru\u00eddo na cidade. O professor contou que somente teve acesso ao livro \u201cO Menino Nito\u201d, de S\u00f4nia Rosa, em um curso de especializa\u00e7\u00e3o de conta\u00e7\u00e3o de hist\u00f3rias em 2017, mais de 30 anos depois que foi escrito.<\/p>\n\n\n\n<p>\u201cPra gente ver como essa hist\u00f3ria n\u00e3o foi trabalhada em muitas escolas at\u00e9 hoje. Muitos colegas nem conhecem o livro. Na literatura brasileira, o negro sempre foi retratado com uma perspectiva negativa. Quando surge a possibilidade do negro numa perspectiva positiva \u00e9 fundamental pra gente se ver nos livros, na m\u00eddia e outros espa\u00e7os que n\u00e3o eram comuns. Ter autores que cont\u00e9m essa perspectiva do negro \u00e9 muito importante\u201d, refor\u00e7ou Douglas.<\/p>\n\n\n\n<p>O encontro teve media\u00e7\u00e3o de Dilcimeres Jos\u00e9 Costa, docente da rede municipal. Ela contou que quase desistiu da profiss\u00e3o quando um aluno disse que n\u00e3o queria uma professora negra, mas superou o racismo e leva para as salas de aula, entre outros autores, as obras dos convidados da mesa: S\u00f4nia Rosa e Ot\u00e1vio J\u00fanior.<\/p>\n\n\n\n<p>Confira a programa\u00e7\u00e3o desta quarta-feira (19\/10) e da semana em anexo<\/p>\n\n\n\n<p><strong>Quarta-feira (19\/10) \u2013 Cultura, divers\u00e3o e arte!<\/strong><\/p>\n\n\n\n<p>8h \u00e0s 17h \u2013 Mostra Pedag\u00f3gica<\/p>\n\n\n\n<p>10h \u2013 Caravana da Cultura \u2013 M\u00fasica, dan\u00e7a, conta\u00e7\u00e3o de hist\u00f3rias, m\u00e1gicos e m\u00edmicos<\/p>\n\n\n\n<p>11h \u2013 Brinquedos e Brincadeiras<\/p>\n\n\n\n<p>14h \u2013 Caravana da Cultura \u2013 M\u00fasica, dan\u00e7a, conta\u00e7\u00e3o de hist\u00f3rias, m\u00e1gicos e m\u00edmicos<\/p>\n\n\n\n<p>15h \u2013 Jo\u00e3o e Pedro \u201cBrincando com Argilas\u201d<\/p>\n\n\n\n<p>16h \u2013 Apresenta\u00e7\u00e3o M\u00e1gico Dragon e seu Boneco Falante Trancinha<\/p>\n\n\n\n<p>19h \u2013 Voz e Viol\u00e3o com Allex Barcelar<\/p>\n\n\n\n<p><strong>Servi\u00e7o \u2013 Festa Liter\u00e1ria de Maric\u00e1<\/strong><\/p>\n\n\n\n<p>Data: 14 a 26 de outubro<\/p>\n\n\n\n<p>Hor\u00e1rio: 8h \u00e0s 21h<\/p>\n\n\n\n<p>Local: Centro Administrativo de Itaipua\u00e7u (\u00e1rea externa do estacionamento)<\/p>\n\n\n\n<p>Endere\u00e7o: Rua Van Lerbergue, 249 \u2013 Itaipua\u00e7u<\/p>\n\n\n\n<p>Entrada gratuita<\/p>\n\n\n\n<p>Segue programa\u00e7\u00e3o completa da&nbsp;<a href=\"https:\/\/www.marica.rj.gov.br\/wp-content\/uploads\/2022\/10\/FLIM-2022.pdf\">FLIM 2022<\/a><\/p>\n","protected":false},"excerpt":{"rendered":"<p>A literatura negro afetiva foi tema de debate realizado na noite de ter\u00e7a-feira (18\/10), no quinto dia da Festa Liter\u00e1ria<\/p>\n","protected":false},"author":1,"featured_media":44327,"comment_status":"open","ping_status":"open","sticky":false,"template":"","format":"standard","meta":{"colormag_page_container_layout":"default_layout","colormag_page_sidebar_layout":"default_layout","footnotes":""},"categories":[18],"tags":[],"class_list":["post-44325","post","type-post","status-publish","format-standard","has-post-thumbnail","hentry","category-entretenimento"],"amp_enabled":true,"_links":{"self":[{"href":"https:\/\/maricatotal.com.br\/site\/wp-json\/wp\/v2\/posts\/44325","targetHints":{"allow":["GET"]}}],"collection":[{"href":"https:\/\/maricatotal.com.br\/site\/wp-json\/wp\/v2\/posts"}],"about":[{"href":"https:\/\/maricatotal.com.br\/site\/wp-json\/wp\/v2\/types\/post"}],"author":[{"embeddable":true,"href":"https:\/\/maricatotal.com.br\/site\/wp-json\/wp\/v2\/users\/1"}],"replies":[{"embeddable":true,"href":"https:\/\/maricatotal.com.br\/site\/wp-json\/wp\/v2\/comments?post=44325"}],"version-history":[{"count":1,"href":"https:\/\/maricatotal.com.br\/site\/wp-json\/wp\/v2\/posts\/44325\/revisions"}],"predecessor-version":[{"id":44328,"href":"https:\/\/maricatotal.com.br\/site\/wp-json\/wp\/v2\/posts\/44325\/revisions\/44328"}],"wp:featuredmedia":[{"embeddable":true,"href":"https:\/\/maricatotal.com.br\/site\/wp-json\/wp\/v2\/media\/44327"}],"wp:attachment":[{"href":"https:\/\/maricatotal.com.br\/site\/wp-json\/wp\/v2\/media?parent=44325"}],"wp:term":[{"taxonomy":"category","embeddable":true,"href":"https:\/\/maricatotal.com.br\/site\/wp-json\/wp\/v2\/categories?post=44325"},{"taxonomy":"post_tag","embeddable":true,"href":"https:\/\/maricatotal.com.br\/site\/wp-json\/wp\/v2\/tags?post=44325"}],"curies":[{"name":"wp","href":"https:\/\/api.w.org\/{rel}","templated":true}]}}