{"id":44414,"date":"2022-10-22T09:12:15","date_gmt":"2022-10-22T12:12:15","guid":{"rendered":"https:\/\/maricatotal.com.br\/site\/?p=44414"},"modified":"2022-10-22T09:12:15","modified_gmt":"2022-10-22T12:12:15","slug":"marica-sedia-encontro-com-gestores-de-turismo-de-13-cidades-do-rio-de-janeiro","status":"publish","type":"post","link":"https:\/\/maricatotal.com.br\/site\/2022\/10\/22\/marica-sedia-encontro-com-gestores-de-turismo-de-13-cidades-do-rio-de-janeiro\/","title":{"rendered":"Maric\u00e1 sedia encontro com gestores de turismo de 13 cidades do Rio de Janeiro\u00a0"},"content":{"rendered":"\n<p>A cidade de Maric\u00e1 sediou na quinta-feira (20\/10), na Fazenda P\u00fablica Joaquim Pi\u00f1ero, no bairro Espraiado, um encontro que reuniu gestores de turismo de 13 cidades do Rio de Janeiro para debater a\u00e7\u00f5es de fomento da atividade tur\u00edstica na regi\u00e3o. Organizado pelo Conselho de Turismo da Costa do Sol (Condetur), em parceria com a Prefeitura de Maric\u00e1, a reuni\u00e3o contou com a presen\u00e7a dos secret\u00e1rios de Turismo, Robson Dutra, e de Promo\u00e7\u00e3o e Projetos Especiais, Jos\u00e9 Alexandre Almeida.<\/p>\n\n\n\n<p>Diversos assuntos foram tratados, como a integra\u00e7\u00e3o de um calend\u00e1rio de eventos, participa\u00e7\u00e3o conjunta em feiras de turismo no Brasil e no mundo, organiza\u00e7\u00e3o digital com portal integrado para toda a regi\u00e3o, ecoturismo, moda, gastronomia, entre outros.<\/p>\n\n\n\n<p>\u201cEsse encontro \u00e9 muito importante, pois promove uma integra\u00e7\u00e3o entre todas as cidades tur\u00edsticas da Costa do Sol. Maric\u00e1 \u00e9 a cidade que abre esse grande e importante circuito tur\u00edstico do Brasil e se sente muito honrada em recepcionar todos os gestores para que juntos possamos pensar em atividades de promo\u00e7\u00e3o da nossa regi\u00e3o, que \u00e9 uma das mais belas do nosso pa\u00eds e do mundo\u201d disse o secret\u00e1rio de Promo\u00e7\u00e3o e Projetos Especiais, Jos\u00e9 Alexandre Almeida.<\/p>\n\n\n\n<p>Ainda durante a reuni\u00e3o, tamb\u00e9m foram discutidas demandas locais e regionais dos munic\u00edpios integrantes. O secret\u00e1rio de Turismo destacou a import\u00e2ncia da integra\u00e7\u00e3o entre as cidades da regi\u00e3o. \u201cO encontro com os gestores de Turismo contribui para o crescimento e desenvolvimento de Maric\u00e1 por meio da troca de ideias e do aprendizado com cada uma dessas cidades\u201d, afirmou o secret\u00e1rio Robson Dutra.<\/p>\n\n\n\n<p>Essa \u00e9 a primeira reuni\u00e3o presencial desde o in\u00edcio da pandemia do novo coronav\u00edrus. O encontro teve o objetivo de debater as principais demandas do turismo da chamada Costa do Sol, regi\u00e3o que compreende os sete munic\u00edpios da Regi\u00e3o dos Lagos (Araruama, Arma\u00e7\u00e3o dos B\u00fazios, Arraial do Cabo, Cabo Frio, Iguaba Grande, S\u00e3o Pedro da Aldeia e Saquarema), da Regi\u00e3o Metropolitana (Maric\u00e1) e cinco do Norte Fluminense (Casimiro de Abreu, Carapebus, Maca\u00e9, Quissam\u00e3 e Rio das Ostras).<\/p>\n\n\n\n<p>O presidente da Condetur, Marco Navega, ressaltou as belezas de Maric\u00e1 e a import\u00e2ncia da cidade no turismo dentro e fora do Brasil. \u201cEstamos reconhecendo Maric\u00e1 como um destino tur\u00edstico dentro da Costa do Sol e isso, para a gente, \u00e9 uma grata surpresa, pois acompanhamos de perto a evolu\u00e7\u00e3o do turismo aqui. Por isso, estamos trazendo outros munic\u00edpios para conhecer a cidade que est\u00e1 trabalhando o turismo de forma profissional e que est\u00e1 em evolu\u00e7\u00e3o constante, com urbaniza\u00e7\u00e3o impec\u00e1vel, orla linda, transporte gratuito e eventos para os visitantes\u201d, destacou Marco Navega.<\/p>\n\n\n\n<p>O Conselho de Turismo da Costa do Sol (Condetur) \u00e9 formado por integrantes da iniciativa privada, secretarias de turismo, associa\u00e7\u00f5es comerciais, \u00f3rg\u00e3os p\u00fablicos e entidades de classe que promovem diversas a\u00e7\u00f5es para desenvolver o turismo na regi\u00e3o. Para isso, buscam entender e conhecer as potencialidades de cada um dos 13 munic\u00edpios integrantes por meio de visitas, reuni\u00f5es e eventos. Todas as a\u00e7\u00f5es s\u00e3o realizadas de forma a atrair turistas nacionais e internacionais por meio da coopera\u00e7\u00e3o entre os diversos membros que comp\u00f5em o setor, entre eles prefeituras, rede hoteleira, comerciantes, promotores de eventos, entre outros.<\/p>\n","protected":false},"excerpt":{"rendered":"<p>A cidade de Maric\u00e1 sediou na quinta-feira (20\/10), na Fazenda P\u00fablica Joaquim Pi\u00f1ero, no bairro Espraiado, um encontro que reuniu<\/p>\n","protected":false},"author":1,"featured_media":44416,"comment_status":"open","ping_status":"open","sticky":false,"template":"","format":"standard","meta":{"colormag_page_container_layout":"default_layout","colormag_page_sidebar_layout":"default_layout","footnotes":""},"categories":[18,17],"tags":[],"class_list":["post-44414","post","type-post","status-publish","format-standard","has-post-thumbnail","hentry","category-entretenimento","category-politica"],"amp_enabled":true,"_links":{"self":[{"href":"https:\/\/maricatotal.com.br\/site\/wp-json\/wp\/v2\/posts\/44414","targetHints":{"allow":["GET"]}}],"collection":[{"href":"https:\/\/maricatotal.com.br\/site\/wp-json\/wp\/v2\/posts"}],"about":[{"href":"https:\/\/maricatotal.com.br\/site\/wp-json\/wp\/v2\/types\/post"}],"author":[{"embeddable":true,"href":"https:\/\/maricatotal.com.br\/site\/wp-json\/wp\/v2\/users\/1"}],"replies":[{"embeddable":true,"href":"https:\/\/maricatotal.com.br\/site\/wp-json\/wp\/v2\/comments?post=44414"}],"version-history":[{"count":1,"href":"https:\/\/maricatotal.com.br\/site\/wp-json\/wp\/v2\/posts\/44414\/revisions"}],"predecessor-version":[{"id":44417,"href":"https:\/\/maricatotal.com.br\/site\/wp-json\/wp\/v2\/posts\/44414\/revisions\/44417"}],"wp:featuredmedia":[{"embeddable":true,"href":"https:\/\/maricatotal.com.br\/site\/wp-json\/wp\/v2\/media\/44416"}],"wp:attachment":[{"href":"https:\/\/maricatotal.com.br\/site\/wp-json\/wp\/v2\/media?parent=44414"}],"wp:term":[{"taxonomy":"category","embeddable":true,"href":"https:\/\/maricatotal.com.br\/site\/wp-json\/wp\/v2\/categories?post=44414"},{"taxonomy":"post_tag","embeddable":true,"href":"https:\/\/maricatotal.com.br\/site\/wp-json\/wp\/v2\/tags?post=44414"}],"curies":[{"name":"wp","href":"https:\/\/api.w.org\/{rel}","templated":true}]}}