{"id":44440,"date":"2022-10-23T12:00:59","date_gmt":"2022-10-23T15:00:59","guid":{"rendered":"https:\/\/maricatotal.com.br\/site\/?p=44440"},"modified":"2022-10-23T12:01:00","modified_gmt":"2022-10-23T15:01:00","slug":"caminhada-do-outubro-rosa-leva-mais-de-800-pessoas-as-ruas-de-marica","status":"publish","type":"post","link":"https:\/\/maricatotal.com.br\/site\/2022\/10\/23\/caminhada-do-outubro-rosa-leva-mais-de-800-pessoas-as-ruas-de-marica\/","title":{"rendered":"Caminhada do Outubro Rosa leva mais de 800 pessoas \u00e0s ruas de Maric\u00e1"},"content":{"rendered":"\n<p>A Prefeitura de Maric\u00e1, por meio da Secretaria de Sa\u00fade, promoveu no s\u00e1bado (22\/10) a Caminhada do Outubro Rosa, atividade com foco na preven\u00e7\u00e3o e no diagn\u00f3stico precoce do c\u00e2ncer de mama e de colo de \u00fatero, conscientizando as mulheres em uma a\u00e7\u00e3o que une bem-estar e sociabilidade. Cerca de 800 pessoas participaram da iniciativa, se reunindo na Pra\u00e7a Orlando de Barros Pimentel, no Centro, e seguindo em dire\u00e7\u00e3o \u00e0 Pra\u00e7a Tiradentes, em Ara\u00e7atiba, mobilizando as moradoras durante o trajeto com frases de incentivo e can\u00e7\u00f5es nacionais \u2014 entoadas por J\u00f4 Borges e Cida Santos, artistas da cidade.<\/p>\n\n\n\n<p>Na parada final da caminhada, a popula\u00e7\u00e3o p\u00f4de desfrutar de um caf\u00e9 da manh\u00e3 coletivo, assistir apresenta\u00e7\u00f5es musicais e participar de din\u00e2micas voltadas \u00e0 sa\u00fade f\u00edsica, mental e ao fortalecimento da autoestima, incluindo dan\u00e7a, corte de cabelo, entrega de amostras de perfumes e sorteio de brindes.<\/p>\n\n\n\n<p>A secret\u00e1ria de Sa\u00fade, Solange Oliveira, participou da atividade e lembrou o seu simbolismo dentro das a\u00e7\u00f5es relacionadas ao Outubro Rosa no munic\u00edpio, integrando as mulheres e os profissionais da \u00e1rea, levando conscientiza\u00e7\u00e3o e incentivos \u00e0 preven\u00e7\u00e3o a todos.<\/p>\n\n\n\n<p>\u201cA Caminhada do Outubro Rosa foi linda e s\u00f3 tenho a agradecer a todos os profissionais que se empenharam na constru\u00e7\u00e3o do evento, cuidando de cada detalhe. Nossa equipe est\u00e1 mobilizada e criou um protocolo de cuidados ao c\u00e2ncer de mama e de colo de \u00fatero, que se tornar\u00e1 refer\u00eancia para atender cada vez melhor as mulheres da nossa cidade. Ver a ades\u00e3o da popula\u00e7\u00e3o \u00e0 iniciativa nos traz muita felicidade e simboliza tudo que estamos fazendo durante esse m\u00eas, o que inclui a cirurgia de reconstru\u00e7\u00e3o mam\u00e1ria de guerreiras que venceram o c\u00e2ncer de mama, algo de suma import\u00e2ncia\u201d, destacou.<\/p>\n\n\n\n<p>Luana Rodrigues, subsecret\u00e1ria da Rede de Aten\u00e7\u00e3o \u00e0 Sa\u00fade, ressaltou o papel mobilizador da caminhada, unindo pessoas de diversas faixas et\u00e1rias pela vida das mulheres. \u201cEssa atividade \u00e9 resultado de meses de planejamento e dedica\u00e7\u00e3o dos profissionais de sa\u00fade de Maric\u00e1. S\u00f3 tenho a agradecer pela participa\u00e7\u00e3o da popula\u00e7\u00e3o, incluindo as mulheres, crian\u00e7as e idosos, que se envolveram na nossa luta, que fala de um tema essencial. O intuito da caminhada \u00e9 incentivar a preven\u00e7\u00e3o e o diagn\u00f3stico precoce do c\u00e2ncer de mama e tenho a certeza que esse objetivo foi cumprido\u201d, acrescentou.<\/p>\n\n\n\n<p><strong>Homenagem ao Outubro Rosa em a\u00e7\u00e3o do programa Maric\u00e1+Verde<\/strong><\/p>\n\n\n\n<p>A sustentabilidade tamb\u00e9m foi o foco da a\u00e7\u00e3o, com distribui\u00e7\u00e3o de 250 mudas de ip\u00ea-rosa pelo projeto Maric\u00e1+Verde, e o recolhimento de lixo eletr\u00f4nico, \u00f3leo usado e tampinhas de garrafa na tenda da autarquia Servi\u00e7os de Obras de Maric\u00e1 (Somar). A a\u00e7\u00e3o aconteceu na Pra\u00e7a Tiradentes, em Ara\u00e7atiba.<\/p>\n\n\n\n<p>A bi\u00f3loga Stella de Lima, respons\u00e1vel pelo programa Maric\u00e1+Verde, chamou a aten\u00e7\u00e3o para o cuidado com a sa\u00fade. \u201cA gente deu a nossa contribui\u00e7\u00e3o com o objetivo de chamar a aten\u00e7\u00e3o para essa doen\u00e7a que acomete n\u00e3o s\u00f3 as mulheres, mas tamb\u00e9m os homens. \u00c9 importante fazermos exames preventivos para cuidarmos da nossa sa\u00fade. E a a\u00e7\u00e3o teve esse simbolismo, de entregarmos as mudinhas de ip\u00ea-rosa\u201d, disse a bi\u00f3loga.<\/p>\n\n\n\n<p><strong>Caminhada do Outubro Rosa re\u00fane as fam\u00edlias de Maric\u00e1<\/strong><\/p>\n\n\n\n<p>Centenas de pessoas caminharam do Centro \u00e0 orla de Ara\u00e7atiba, mostrando que a popula\u00e7\u00e3o da cidade entende a import\u00e2ncia da preven\u00e7\u00e3o e do combate ao c\u00e2ncer de mama e de colo de \u00fatero. Uma das que se mobilizaram foi Mariana da Costa Muniz, de 40 anos, moradora de Cordeirinho que tamb\u00e9m levou o marido para participar.<\/p>\n\n\n\n<p>\u201cFoi muito bacana poder participar da Caminhada do Outubro Rosa, momento fundamental para conscientizar a todos sobre a preven\u00e7\u00e3o do c\u00e2ncer de mama. Trouxe o meu esposo comigo, que fez quest\u00e3o de participar, mostrando que entende a import\u00e2ncia dessa luta e quero levar isso para outras pessoas. Cada vez mais as pessoas se conscientizam, buscam os exames, algo em que o evento contribui bastante. Parabenizo os envolvidos na organiza\u00e7\u00e3o\u201d, afirmou.<\/p>\n\n\n\n<p>Gl\u00f3ria Alves, de 53 anos, passeava pelo bairro e se uniu \u00e0 caminhada, pontuando a import\u00e2ncia de falar sobre tem\u00e1ticas relacionadas ao c\u00e2ncer de mama, rompendo paradigmas. \u201cEstava visitando a orla de Ara\u00e7atiba com a minha filha e resolvi acompanhar a caminhada, evento que acho super importante. Fiquei satisfeita ao ver tantas mulheres unidas pela preven\u00e7\u00e3o ao c\u00e2ncer de mama e precisamos falar sobre isso cada vez mais, mostrando que a cura \u00e9 poss\u00edvel e a preven\u00e7\u00e3o o melhor caminho\u201d, concluiu.<\/p>\n","protected":false},"excerpt":{"rendered":"<p>A Prefeitura de Maric\u00e1, por meio da Secretaria de Sa\u00fade, promoveu no s\u00e1bado (22\/10) a Caminhada do Outubro Rosa, atividade<\/p>\n","protected":false},"author":1,"featured_media":44441,"comment_status":"open","ping_status":"open","sticky":false,"template":"","format":"standard","meta":{"colormag_page_container_layout":"default_layout","colormag_page_sidebar_layout":"default_layout","footnotes":""},"categories":[18],"tags":[],"class_list":["post-44440","post","type-post","status-publish","format-standard","has-post-thumbnail","hentry","category-entretenimento"],"amp_enabled":true,"_links":{"self":[{"href":"https:\/\/maricatotal.com.br\/site\/wp-json\/wp\/v2\/posts\/44440","targetHints":{"allow":["GET"]}}],"collection":[{"href":"https:\/\/maricatotal.com.br\/site\/wp-json\/wp\/v2\/posts"}],"about":[{"href":"https:\/\/maricatotal.com.br\/site\/wp-json\/wp\/v2\/types\/post"}],"author":[{"embeddable":true,"href":"https:\/\/maricatotal.com.br\/site\/wp-json\/wp\/v2\/users\/1"}],"replies":[{"embeddable":true,"href":"https:\/\/maricatotal.com.br\/site\/wp-json\/wp\/v2\/comments?post=44440"}],"version-history":[{"count":1,"href":"https:\/\/maricatotal.com.br\/site\/wp-json\/wp\/v2\/posts\/44440\/revisions"}],"predecessor-version":[{"id":44442,"href":"https:\/\/maricatotal.com.br\/site\/wp-json\/wp\/v2\/posts\/44440\/revisions\/44442"}],"wp:featuredmedia":[{"embeddable":true,"href":"https:\/\/maricatotal.com.br\/site\/wp-json\/wp\/v2\/media\/44441"}],"wp:attachment":[{"href":"https:\/\/maricatotal.com.br\/site\/wp-json\/wp\/v2\/media?parent=44440"}],"wp:term":[{"taxonomy":"category","embeddable":true,"href":"https:\/\/maricatotal.com.br\/site\/wp-json\/wp\/v2\/categories?post=44440"},{"taxonomy":"post_tag","embeddable":true,"href":"https:\/\/maricatotal.com.br\/site\/wp-json\/wp\/v2\/tags?post=44440"}],"curies":[{"name":"wp","href":"https:\/\/api.w.org\/{rel}","templated":true}]}}