{"id":44444,"date":"2022-10-23T12:03:19","date_gmt":"2022-10-23T15:03:19","guid":{"rendered":"https:\/\/maricatotal.com.br\/site\/?p=44444"},"modified":"2022-10-23T12:03:20","modified_gmt":"2022-10-23T15:03:20","slug":"marica-bier-fest-e-festival-rua-sabor-acontecem-ate-este-domingo-em-itaipuacu","status":"publish","type":"post","link":"https:\/\/maricatotal.com.br\/site\/2022\/10\/23\/marica-bier-fest-e-festival-rua-sabor-acontecem-ate-este-domingo-em-itaipuacu\/","title":{"rendered":"Maric\u00e1 Bier Fest e Festival Rua &#038; Sabor acontecem at\u00e9 este domingo em Itaipua\u00e7u"},"content":{"rendered":"\n<p>A Prefeitura de Maric\u00e1 realiza, at\u00e9 domingo (23\/10), em Itaipua\u00e7u, dois eventos integrados, o Maric\u00e1 Bier Fest e o Festival Rua &amp; Sabor, a partir das 12h, na Pra\u00e7a dos Gavi\u00f5es, ao lado da lona cultural. A atra\u00e7\u00e3o, que re\u00fane cinco cervejarias artesanais da cidade, gastronomia, artesanato e muita m\u00fasica ao vivo, \u00e9 promovida pelas secretarias de Turismo e de Promo\u00e7\u00e3o e Projetos Especiais e pela Companhia de Desenvolvimento de Maric\u00e1 (Codemar), com entrada gratuita.<\/p>\n\n\n\n<p>Nesta edi\u00e7\u00e3o, o espa\u00e7o ganhou um polo cervejeiro com as cores da bandeira da Alemanha e uma loja de souvenir com vendas de canecas, bon\u00e9s e camisas do Bier Fest; um palco do Rua &amp; Sabor na Pra\u00e7a dos Gavi\u00f5es; uma \u00e1rea de artesanato e vendas de produtos a base de mel e doces; e um palco que tamb\u00e9m recebe shows de artistas locais e onde est\u00e3o os expositores de gastronomia.<\/p>\n\n\n\n<p>Na sexta-feira (21) a moradora de Itaipua\u00e7u Solange Evangelista, de 66 anos, foi conhecer a iniciativa e aprovou as cervejas artesanais. \u201c\u00c9 muito legal esse evento porque movimenta o bairro e a economia local\u201d, afirmou a aposentada, que estava acompanhada da amiga S\u00f4nia Cabral, tamb\u00e9m moradora do bairro.<\/p>\n\n\n\n<p>O administrador Leandro Santos, de 44 anos, tamb\u00e9m mora em Itaipua\u00e7u e j\u00e1 conhecia o Maric\u00e1 Bier Fest (esteve na edi\u00e7\u00e3o realizada na Pra\u00e7a do Ferreira, no mesmo bairro, antes da pandemia da Covid-19) e falou sobre essa edi\u00e7\u00e3o. \u201cJ\u00e1 provei duas cervejas e gostei da Pilsen e a outra achei muito forte. \u00c9 importante esses eventos para cidade, como op\u00e7\u00e3o de lazer e valoriza\u00e7\u00e3o do comercio local\u201d, declarou.<\/p>\n\n\n\n<p>Na \u00e1rea de artesanato, o expositor Henrique Figueiredo da Cunha, que vende hidromel (bebida alco\u00f3lica feita com mel), al\u00e9m de p\u00e3es, mel e doces, disse que o evento superou as expectativas. \u201cEst\u00e1 sendo muito boa a aceita\u00e7\u00e3o dos produtos no mercado e a prefeitura tem nos ajudado muito com esse espa\u00e7o. Hoje (sexta-feira) est\u00e1 com bastante movimentado e acredito que amanh\u00e3 e domingo ser\u00e1 melhor ainda\u201d, afirmou Henrique.<\/p>\n\n\n\n<p><strong>Confira a programa\u00e7\u00e3o dos shows de s\u00e1bado e domingo, dias 22 e 23\/10<\/strong><\/p>\n\n\n\n<p>Maric\u00e1 Bier Fest e Festival Rua e Sabor<\/p>\n\n\n\n<p>Local: Lona Cultural de Itaipua\u00e7u<\/p>\n\n\n\n<p>Endere\u00e7o: Pra\u00e7a dos Gavi\u00f5es, Avenida Zumbi dos Palmares (antiga Avenida Um)<\/p>\n\n\n\n<p><strong>S\u00e1bado (22\/10)<\/strong><\/p>\n\n\n\n<p>18h30 \u2013 Thunderrock (Palco principal)<\/p>\n\n\n\n<p>20h \u2013 Lav\u00ednia (Palco Rua &amp; Sabor)<\/p>\n\n\n\n<p>22h \u2013 Os Bartira (Palco principal)<\/p>\n\n\n\n<p>0h \u2013 L\u00e9o Brunno (Palco Rua &amp; Sabor)<\/p>\n\n\n\n<p><strong>Domingo (23\/10)<\/strong><\/p>\n\n\n\n<p>14h \u2013 Cristiano e a Boneca Clei (Palco principal)<\/p>\n\n\n\n<p>15h \u2013 Cida Santos \u2013 Equipe Tatulegria (Palco principal)<\/p>\n\n\n\n<p>16h30 \u2013 Vit\u00f3rya Telles (Palco Rua &amp; Sabor)<\/p>\n\n\n\n<p>17h30 \u2013 Amigos do Quintal (Palco principal)<\/p>\n\n\n\n<p>19h \u2013 Thiago Dantas (Palco Rua &amp; Sabor)<\/p>\n\n\n\n<p>20h \u2013 Rhoan Victor (Palco principal)<\/p>\n\n\n\n<p>21h30 \u2013 Maiara Coboski (Palco Rua &amp; Sabor)<\/p>\n","protected":false},"excerpt":{"rendered":"<p>A Prefeitura de Maric\u00e1 realiza, at\u00e9 domingo (23\/10), em Itaipua\u00e7u, dois eventos integrados, o Maric\u00e1 Bier Fest e o Festival<\/p>\n","protected":false},"author":1,"featured_media":44446,"comment_status":"open","ping_status":"open","sticky":false,"template":"","format":"standard","meta":{"colormag_page_container_layout":"default_layout","colormag_page_sidebar_layout":"default_layout","footnotes":""},"categories":[1],"tags":[],"class_list":["post-44444","post","type-post","status-publish","format-standard","has-post-thumbnail","hentry","category-noticias"],"amp_enabled":true,"_links":{"self":[{"href":"https:\/\/maricatotal.com.br\/site\/wp-json\/wp\/v2\/posts\/44444","targetHints":{"allow":["GET"]}}],"collection":[{"href":"https:\/\/maricatotal.com.br\/site\/wp-json\/wp\/v2\/posts"}],"about":[{"href":"https:\/\/maricatotal.com.br\/site\/wp-json\/wp\/v2\/types\/post"}],"author":[{"embeddable":true,"href":"https:\/\/maricatotal.com.br\/site\/wp-json\/wp\/v2\/users\/1"}],"replies":[{"embeddable":true,"href":"https:\/\/maricatotal.com.br\/site\/wp-json\/wp\/v2\/comments?post=44444"}],"version-history":[{"count":1,"href":"https:\/\/maricatotal.com.br\/site\/wp-json\/wp\/v2\/posts\/44444\/revisions"}],"predecessor-version":[{"id":44447,"href":"https:\/\/maricatotal.com.br\/site\/wp-json\/wp\/v2\/posts\/44444\/revisions\/44447"}],"wp:featuredmedia":[{"embeddable":true,"href":"https:\/\/maricatotal.com.br\/site\/wp-json\/wp\/v2\/media\/44446"}],"wp:attachment":[{"href":"https:\/\/maricatotal.com.br\/site\/wp-json\/wp\/v2\/media?parent=44444"}],"wp:term":[{"taxonomy":"category","embeddable":true,"href":"https:\/\/maricatotal.com.br\/site\/wp-json\/wp\/v2\/categories?post=44444"},{"taxonomy":"post_tag","embeddable":true,"href":"https:\/\/maricatotal.com.br\/site\/wp-json\/wp\/v2\/tags?post=44444"}],"curies":[{"name":"wp","href":"https:\/\/api.w.org\/{rel}","templated":true}]}}