{"id":44469,"date":"2022-10-24T09:05:49","date_gmt":"2022-10-24T12:05:49","guid":{"rendered":"https:\/\/maricatotal.com.br\/site\/?p=44469"},"modified":"2022-10-24T09:05:49","modified_gmt":"2022-10-24T12:05:49","slug":"por-maioria-camara-de-niteroi-aprova-mocao-de-repudio-ao-prefeito-de-sao-goncalo-capitao-nelson","status":"publish","type":"post","link":"https:\/\/maricatotal.com.br\/site\/2022\/10\/24\/por-maioria-camara-de-niteroi-aprova-mocao-de-repudio-ao-prefeito-de-sao-goncalo-capitao-nelson\/","title":{"rendered":"Por maioria, C\u00e2mara de Niter\u00f3i aprova mo\u00e7\u00e3o de rep\u00fadio ao prefeito de S\u00e3o Gon\u00e7alo, Capit\u00e3o Nelson"},"content":{"rendered":"\n<p>A C\u00e2mara de Niter\u00f3i aprovou por maioria, na tarde da \u00faltima quinta feira (20), uma mo\u00e7\u00e3o de rep\u00fadio ao prefeito de S\u00e3o Gon\u00e7alo, Capit\u00e3o Nelson(PL), que durante com\u00edcio do presidente Jair Bolsonaro em Alc\u00e2ntara, na ter\u00e7a feira (18), disse que &#8220;os munic\u00edpios de Niter\u00f3i e Maric\u00e1 s\u00e3o um bando de filhos da puta&#8221;, para criticar o fato das duas cidades receberem quantias milion\u00e1rias em royalties do petr\u00f3leo, enquanto S\u00e3o Gon\u00e7alo t\u00eam direito a um valor quase simb\u00f3lico. Apenas dois vereadores niteroienses n\u00e3o foram favor\u00e1veis \u00e0 mo\u00e7\u00e3o de rep\u00fadio: Daniel Marques (Uni\u00e3o Brasil), que se absteve; e Douglas Gomes (PL), que votou contra.<\/p>\n\n\n\n<p>\u201cA maioria dos vereadores niteroienses discursaram na C\u00e2mara, e reafirmaram o apoio \u00e0 mo\u00e7\u00e3o de rep\u00fadio que fiz contra as palavras utilizadas pelo prefeito de S\u00e3o Gon\u00e7alo. \u00c9 inaceit\u00e1vel esse tipo de agress\u00e3o contra Niter\u00f3i. A cidade n\u00e3o baixa a cabe\u00e7a para miliciano\u201d, afirmou o vereador Professor T\u00falio Motta (Psol), autor da mo\u00e7\u00e3o de rep\u00fadio.<\/p>\n\n\n\n<p>A mo\u00e7\u00e3o de rep\u00fadio foi colada na pauta de vota\u00e7\u00e3o pelo presidente da C\u00e2mara, Milton Carlos Lopes (Progressistas), o Cal, que foi apoiado pelo colega Renato Cariello (PDT). &#8220;O prefeito de S\u00e3o Gon\u00e7alo desdenhou das popula\u00e7\u00f5es de Niter\u00f3i e Maric\u00e1. Ele se comportou como um cabo eleitoral com uma conduta desrespeitosa, o que acaba tirando voto do seu candidato \u00e0 Presid\u00eancia da Rep\u00fablica. Tenho certeza de que a popula\u00e7\u00e3o gon\u00e7alense n\u00e3o concorda com a fala do Capit\u00e3o Nelson\u201d, disse Cariello.<\/p>\n\n\n\n<p>Douglas Gomes (PL), \u00fanico a votar contra a mo\u00e7\u00e3o de rep\u00fadio, fez&nbsp; cr\u00edticas Axel Grael (PDT). \u201cO Axel \u00e9 t\u00e3o covarde que, em vez de responder diretamente, mandou sua tropa. Ficou claro que o prefeito de S\u00e3o Gon\u00e7alo se referiu ao Axel Grael. Que votem uma mo\u00e7\u00e3o contra o ataque que o prefeito sofreu, mas n\u00e3o dizer que uma popula\u00e7\u00e3o foi atacada, que a classe pol\u00edtica foi atacada\u201d, justificou.<\/p>\n\n\n\n<p>Em sua justificativa de voto, Fabiano Gon\u00e7alves (Cidadania) afirmou que &#8220;o prefeito de S\u00e3o Gon\u00e7alo deve refletir do mal que causou, n\u00e3o s\u00f3 a ele, enquanto pessoa p\u00fablica, mas tamb\u00e9m ao presidente Jair Bolsonaro, que estava ao seu lado; aos pol\u00edticos presentes ao ato, e ao eleitores que estavam no evento. Se essa atitude come\u00e7ar a despertar uma animosidade entre as cidades, poderemos ter mais problemas. A for\u00e7a de trabalho de Niter\u00f3i \u00e9, notadamente, de S\u00e3o Gon\u00e7alo. Os servidores desta Casa, em sua grande maioria, s\u00e3o moradores de l\u00e1. Teremos que enfrentar essa quest\u00e3o dos royalties de forma muito equilibrada e madura\u201d, concluiu.<\/p>\n\n\n\n<p>Fabiano ainda sugeriu que o presidente da C\u00e2mara de Niter\u00f3i, Cal, convidasse o presidente da C\u00e2mara de S\u00e3o Gon\u00e7alo, Lecinho Breda (MDB), para um encontro entre os vereadores dos dois munic\u00edpios, onde seria selada qualquer animosidade causada pela fala do Capit\u00e3o Nelson.<\/p>\n\n\n\n<p>guns vereadores refor\u00e7aram que&nbsp; essa n\u00e3o seria a primeira vez que Capit\u00e3o Nelson teria desprezado e ofendido a popula\u00e7\u00e3o de Niter\u00f3i, citando o fato que durante a campanha para governador, teria dito que &#8220;durante a pandemia, Rodrigo Neves (PDT) fez uma barreira sanit\u00e1ria para n\u00e3o deixar que o povo de S\u00e3o Gon\u00e7alo entrasse em Niter\u00f3i&#8221;. Foi desgra\u00e7ada tamb\u00e9m, a quest\u00e3o de que o filho dele, Douglas Ruas (PL), se elegeu deputado estadual, com uma expressiva vota\u00e7\u00e3o dos eleitores de Niter\u00f3i.<\/p>\n\n\n\n<p>Um dos \u00faltimos a se pronunciar foi o vereador Daniel Marques (Uni\u00e3o Brasil), que lamentou o discurso do prefeito Capit\u00e3o Nelson, mas se absteve de votar. &#8220;N\u00e3o podemos piorar uma rela\u00e7\u00e3o com um cara que vai governar S\u00e3o Gon\u00e7alo at\u00e9 o final de 2024. N\u00e3o se pode xingar improp\u00e9rios da forma que se quer, mas est\u00e3o querendo fazer dessa mo\u00e7\u00e3o, como se ela fosse para o cidad\u00e3o niteroiense. Se o prefeito Axel se sentiu atingido, deve entrar na Justi\u00e7a com uma a\u00e7\u00e3o indenizat\u00f3ria ou penal. Estamos colocando lenha na fogueira&#8221;, ponderou.<\/p>\n\n\n\n<p>Por fim, o vereador Leonardo Giordano (PC do B) declarou que &#8220;o prefeito Capit\u00e3o Nelson foi de uma falta de responsabilidade muito grande. Ele tentou jogar a popula\u00e7\u00e3o de S\u00e3o Gon\u00e7alo contra Niter\u00f3i, uma cidade irm\u00e3&#8221;. Ele afirmou, ainda, que &#8220;quanto mais Niter\u00f3i, S\u00e3o Gon\u00e7alo e Maric\u00e1 receberem recursos, mais a regi\u00e3o vai ser beneficiada. Ele foi grosseiro, infeliz e n\u00e3o se comportou como algu\u00e9m que merece o cargo. Lamento que tenhamos que passar por isso, com esses pol\u00edticos bolsonaristas, que n\u00e3o sabem nem se conduzir a si pr\u00f3prios\u201d, finalizou.<\/p>\n\n\n\n<p>Questionada sobre a aprova\u00e7\u00e3o da mo\u00e7\u00e3o de rep\u00fadio, a prefeitura de S\u00e3o Gon\u00e7alo divulgou nota lamentando que a fala do prefeito Capit\u00e3o Nelson tenha sido mal interpretada e utilizada com outros fins pol\u00edticos. \u201cEm momento algum, referiu-se \u00e0 popula\u00e7\u00e3o dos dois munic\u00edpios. Ainda que tenha se exaltado, durante o discurso, o prefeito criticou especificamente a conduta dos governantes de Niter\u00f3i e Maric\u00e1, em rela\u00e7\u00e3o \u00e0 quest\u00e3o da divis\u00e3o dos royalties entre os munic\u00edpios da regi\u00e3o metropolitana do Estado do Rio\u201d, diz a nota.<\/p>\n\n\n\n<p>\u201cO prefeito recebe com pesar ( a mo\u00e7\u00e3o de rep\u00fadio), mas n\u00e3o se espanta, diante do atual momento pol\u00edtico. E reitera seu apre\u00e7o e carinho pelos moradores de Niter\u00f3i e Maric\u00e1, com os quais o gon\u00e7alense convive e mant\u00e9m rela\u00e7\u00f5es permanentes de amizade e trabalho. Causa estranheza que o direito dos gon\u00e7alenses gere tanta disc\u00f3rdia, justamente por parte de quem sempre defendeu, na teoria, a necess\u00e1ria integra\u00e7\u00e3o do Leste Fluminense\u201d, finaliza.<\/p>\n","protected":false},"excerpt":{"rendered":"<p>A C\u00e2mara de Niter\u00f3i aprovou por maioria, na tarde da \u00faltima quinta feira (20), uma mo\u00e7\u00e3o de rep\u00fadio ao prefeito<\/p>\n","protected":false},"author":1,"featured_media":44471,"comment_status":"open","ping_status":"open","sticky":false,"template":"","format":"standard","meta":{"colormag_page_container_layout":"default_layout","colormag_page_sidebar_layout":"default_layout","footnotes":""},"categories":[17],"tags":[],"class_list":["post-44469","post","type-post","status-publish","format-standard","has-post-thumbnail","hentry","category-politica"],"amp_enabled":true,"_links":{"self":[{"href":"https:\/\/maricatotal.com.br\/site\/wp-json\/wp\/v2\/posts\/44469","targetHints":{"allow":["GET"]}}],"collection":[{"href":"https:\/\/maricatotal.com.br\/site\/wp-json\/wp\/v2\/posts"}],"about":[{"href":"https:\/\/maricatotal.com.br\/site\/wp-json\/wp\/v2\/types\/post"}],"author":[{"embeddable":true,"href":"https:\/\/maricatotal.com.br\/site\/wp-json\/wp\/v2\/users\/1"}],"replies":[{"embeddable":true,"href":"https:\/\/maricatotal.com.br\/site\/wp-json\/wp\/v2\/comments?post=44469"}],"version-history":[{"count":1,"href":"https:\/\/maricatotal.com.br\/site\/wp-json\/wp\/v2\/posts\/44469\/revisions"}],"predecessor-version":[{"id":44472,"href":"https:\/\/maricatotal.com.br\/site\/wp-json\/wp\/v2\/posts\/44469\/revisions\/44472"}],"wp:featuredmedia":[{"embeddable":true,"href":"https:\/\/maricatotal.com.br\/site\/wp-json\/wp\/v2\/media\/44471"}],"wp:attachment":[{"href":"https:\/\/maricatotal.com.br\/site\/wp-json\/wp\/v2\/media?parent=44469"}],"wp:term":[{"taxonomy":"category","embeddable":true,"href":"https:\/\/maricatotal.com.br\/site\/wp-json\/wp\/v2\/categories?post=44469"},{"taxonomy":"post_tag","embeddable":true,"href":"https:\/\/maricatotal.com.br\/site\/wp-json\/wp\/v2\/tags?post=44469"}],"curies":[{"name":"wp","href":"https:\/\/api.w.org\/{rel}","templated":true}]}}