{"id":44515,"date":"2022-10-25T08:56:16","date_gmt":"2022-10-25T11:56:16","guid":{"rendered":"https:\/\/maricatotal.com.br\/site\/?p=44515"},"modified":"2022-10-25T08:56:17","modified_gmt":"2022-10-25T11:56:17","slug":"vice-prefeita-de-paris-visita-marica-para-conhecer-projetos-de-agricultura-urbana","status":"publish","type":"post","link":"https:\/\/maricatotal.com.br\/site\/2022\/10\/25\/vice-prefeita-de-paris-visita-marica-para-conhecer-projetos-de-agricultura-urbana\/","title":{"rendered":"Vice-prefeita de Paris visita Maric\u00e1 para conhecer projetos de agricultura urbana"},"content":{"rendered":"\n<p>A cidade de Maric\u00e1 recebeu nesta segunda-feira (24\/10) a visita da vice-prefeita de Paris, na Fran\u00e7a, Audrey Pulvar, para conhecer os projetos na \u00e1rea de agricultura urbana e familiar da cidade. A convite do secret\u00e1rio de Agricultura, Pecu\u00e1ria e Pesca de Maric\u00e1, Julio Carolino, Audrey esteve na Pra\u00e7a Agroecol\u00f3gica de Ara\u00e7atiba, na F\u00e1brica Municipal de Vegetais Desidratados, em Ubatiba, e na Fazenda P\u00fablica Joaquin Pi\u00f1ero, no Espraiado.<\/p>\n\n\n\n<p>Em Ara\u00e7atiba, a vice-prefeita de Paris foi apresentada aos canteiros de hortali\u00e7as e temperos, que s\u00e3o cultivados em plena \u00e1rea urbana e distribu\u00eddos \u00e0 popula\u00e7\u00e3o \u2013 o que impressionou a francesa. \u201cH\u00e1 cerca de 40 hectares de planta\u00e7\u00f5es nos arredores de Paris, mas nada parecido com o que vi aqui, com distribui\u00e7\u00e3o da produ\u00e7\u00e3o aos moradores. Incr\u00edvel essa iniciativa\u201d, afirmou ela.<\/p>\n\n\n\n<p>Julio Carolino explicou que Audrey nunca tinha ouvido falar da cidade, mas aceitou o convite feito pelo secret\u00e1rio durante o 8\u00ba F\u00f3rum Global do Pacto de Pol\u00edtica Alimentar Urbana, realizado na \u00faltima semana, no Rio. O evento reuniu os 27 secret\u00e1rios de Meio Ambiente das capitais do Brasil, al\u00e9m de Maric\u00e1 e Niter\u00f3i, com representantes de outras 162 cidades do mundo, como Copenhagen, Chicago e Washington. \u201cEla aceitou o nosso convite e disse ter achado a cidade muito bonita. Tamb\u00e9m nos convidou para levar as experi\u00eancias daqui para Paris\u201d, disse o secret\u00e1rio.<\/p>\n\n\n\n<p>Sobre a possibilidade de implantar projetos semelhantes na Fran\u00e7a, Audrey afirmou que \u00e9 necess\u00e1rio vencer a resist\u00eancia dos produtores franceses. \u201cNo per\u00edmetro da cidade falta espa\u00e7o para iniciativas semelhantes \u00e0s daqui, e os agricultores tamb\u00e9m n\u00e3o est\u00e3o familiarizados com o pr\u00f3prio conceito de agricultura urbana. Tamb\u00e9m por isso eu quis vir at\u00e9 aqui: a troca de experi\u00eancias \u00e9 um dos fundamentos do Pacto de Mil\u00e3o, do qual as duas cidades s\u00e3o signat\u00e1rias\u201d, disse ela, que \u00e9 vice-prefeita para a agricultura e agroecologia na capital francesa.<\/p>\n\n\n\n<p><strong>Maric\u00e1 no Pacto de Mil\u00e3o<\/strong><\/p>\n\n\n\n<p>O prefeito Fabiano Horta assinou no dia 8 de mar\u00e7o o documento que oficializou a entrada do munic\u00edpio no Pacto de Mil\u00e3o, o mais importante f\u00f3rum mundial sobre seguran\u00e7a alimentar, sustentabilidade e combate ao desperd\u00edcio. Na ocasi\u00e3o, a cidade lan\u00e7ou tamb\u00e9m sua candidatura a um projeto internacional da FAO (\u00f3rg\u00e3o das Na\u00e7\u00f5es Unidas para alimenta\u00e7\u00e3o e agricultura). Para concorrer, a Prefeitura listou 12 programas municipais que d\u00e3o acesso \u00e0 popula\u00e7\u00e3o de baixa renda a refei\u00e7\u00f5es balanceadas e saud\u00e1veis, como as Pra\u00e7as Agroecol\u00f3gicas, as hortas comunit\u00e1rias, o Restaurante Municipal, entre outros.<\/p>\n","protected":false},"excerpt":{"rendered":"<p>A cidade de Maric\u00e1 recebeu nesta segunda-feira (24\/10) a visita da vice-prefeita de Paris, na Fran\u00e7a, Audrey Pulvar, para conhecer<\/p>\n","protected":false},"author":1,"featured_media":44517,"comment_status":"open","ping_status":"open","sticky":false,"template":"","format":"standard","meta":{"colormag_page_container_layout":"default_layout","colormag_page_sidebar_layout":"default_layout","footnotes":""},"categories":[18],"tags":[],"class_list":["post-44515","post","type-post","status-publish","format-standard","has-post-thumbnail","hentry","category-entretenimento"],"amp_enabled":true,"_links":{"self":[{"href":"https:\/\/maricatotal.com.br\/site\/wp-json\/wp\/v2\/posts\/44515","targetHints":{"allow":["GET"]}}],"collection":[{"href":"https:\/\/maricatotal.com.br\/site\/wp-json\/wp\/v2\/posts"}],"about":[{"href":"https:\/\/maricatotal.com.br\/site\/wp-json\/wp\/v2\/types\/post"}],"author":[{"embeddable":true,"href":"https:\/\/maricatotal.com.br\/site\/wp-json\/wp\/v2\/users\/1"}],"replies":[{"embeddable":true,"href":"https:\/\/maricatotal.com.br\/site\/wp-json\/wp\/v2\/comments?post=44515"}],"version-history":[{"count":1,"href":"https:\/\/maricatotal.com.br\/site\/wp-json\/wp\/v2\/posts\/44515\/revisions"}],"predecessor-version":[{"id":44518,"href":"https:\/\/maricatotal.com.br\/site\/wp-json\/wp\/v2\/posts\/44515\/revisions\/44518"}],"wp:featuredmedia":[{"embeddable":true,"href":"https:\/\/maricatotal.com.br\/site\/wp-json\/wp\/v2\/media\/44517"}],"wp:attachment":[{"href":"https:\/\/maricatotal.com.br\/site\/wp-json\/wp\/v2\/media?parent=44515"}],"wp:term":[{"taxonomy":"category","embeddable":true,"href":"https:\/\/maricatotal.com.br\/site\/wp-json\/wp\/v2\/categories?post=44515"},{"taxonomy":"post_tag","embeddable":true,"href":"https:\/\/maricatotal.com.br\/site\/wp-json\/wp\/v2\/tags?post=44515"}],"curies":[{"name":"wp","href":"https:\/\/api.w.org\/{rel}","templated":true}]}}