{"id":44525,"date":"2022-10-25T09:01:18","date_gmt":"2022-10-25T12:01:18","guid":{"rendered":"https:\/\/maricatotal.com.br\/site\/?p=44525"},"modified":"2022-10-25T09:01:19","modified_gmt":"2022-10-25T12:01:19","slug":"toni-garrido-e-martnalia-comemoram-independencia-do-brasil-com-show-no-centro-de-marica","status":"publish","type":"post","link":"https:\/\/maricatotal.com.br\/site\/2022\/10\/25\/toni-garrido-e-martnalia-comemoram-independencia-do-brasil-com-show-no-centro-de-marica\/","title":{"rendered":"Toni Garrido e Mart\u2019n\u00e1lia comemoram independ\u00eancia do Brasil com show no Centro de Maric\u00e1"},"content":{"rendered":"\n<p>Com apoio da Prefeitura de Maric\u00e1, por meio da Secretaria de Cultura, a Pra\u00e7a Orlando Barros de Pimentel, no Centro, recebeu no domingo (23\/10) o projeto \u201cSons da Independ\u00eancia\u201d, criado para comemorar a independ\u00eancia do Brasil de Portugal, que acaba de completar 200 anos. No espet\u00e1culo, que tem a dire\u00e7\u00e3o de Moacyr G\u00f3es, Toni Garrido e Mart\u2019n\u00e1lia fizeram uma viagem cultural por v\u00e1rios ritmos populares brasileiros, como o chorinho, o samba, as marchinhas carnavalescas, a bossa nova, e tamb\u00e9m homenagearam Luiz Gonzaga e a Tropic\u00e1lia.<\/p>\n\n\n\n<p>O secret\u00e1rio de Cultura, Sady Bianchin, mencionou o fato de Maric\u00e1 receber o projeto que circula por v\u00e1rias cidades do Rio de Janeiro. \u201cHoje, para n\u00f3s, \u00e9 uma grande satisfa\u00e7\u00e3o ter Maric\u00e1 inclu\u00edda naquilo que h\u00e1 de melhor na qualidade musical do Estado do Rio. Ent\u00e3o, \u00e9 uma imensa alegria ver a Pra\u00e7a Orlando de Barros Pimentel cheia de pessoas que querem ouvir uma m\u00fasica aut\u00eantica e de qualidade. Esse \u00e9 o objetivo da nossa secretaria de pensar a m\u00fasica como instrumento de transforma\u00e7\u00e3o social\u201d, destacou o secret\u00e1rio.<\/p>\n\n\n\n<p>Antes de subir ao palco, o cantor Toni Garrido contou sobre o projeto que foi pensando h\u00e1 alguns anos e agora est\u00e1 sendo concretizado. O artista tamb\u00e9m falou sobre a sua rela\u00e7\u00e3o com Maric\u00e1. \u201cS\u00e3o seis anos que estamos tentando fazer acontecer esse projeto e est\u00e1 rolando agora. Eu adoro Maric\u00e1 e tenho uma rela\u00e7\u00e3o muito especial com a Barra de Maric\u00e1, que conheci h\u00e1 uns 30 anos, e sou apaixonado. Estou feliz da vida\u201d, afirmou o cantor.<\/p>\n\n\n\n<p>Empolgada para fazer o show, Mart\u2019n\u00e1lia falou da experi\u00eancia de cantar m\u00fasicas que est\u00e3o fora do seu repert\u00f3rio original. \u201cEsse projeto sai um pouco da nossa zona de conforto porque n\u00e3o \u00e9 exatamente o nosso show, mas \u00e9 legal a gente se misturar dessa forma e mostrar a cultura geral para todo mundo\u201d, declarou Mart\u2019n\u00e1lia.<\/p>\n\n\n\n<p>Ansiosa para ver a apresenta\u00e7\u00e3o, a comerciante Wanessa Marinato, de 38 anos, comentou sobre a diversidade de shows que acontecem no Centro. \u201cMaric\u00e1 \u00e9 uma cidade \u00edmpar, al\u00e9m de ter as belezas naturais, temos uma pra\u00e7a com capacidade de comportar esses eventos que fortalecem o nosso movimento e o com\u00e9rcio. A Prefeitura est\u00e1 de parab\u00e9ns, porque est\u00e1 sempre revigorando esses eventos e fazendo com que seja uma cidade melhor e com mais op\u00e7\u00f5es de cultura e lazer\u201d, afirmou a comerciante.<\/p>\n\n\n\n<p><strong>Projetos musicais foram destaque no fim de semana<\/strong><\/p>\n\n\n\n<p>Al\u00e9m do \u201cSons da Independ\u00eancia\u201d, a pra\u00e7a central recebeu na sexta-feira (21\/10) e no s\u00e1bado (22\/10) o projeto \u201cViva O Compositor Brasileiro\u201d, que homenageou grandes cantores e compositores da m\u00fasica popular nacional com apresenta\u00e7\u00f5es dos m\u00fasicos Filipe Barthem Trio e do Wagner Tiso, que j\u00e1 participou dos grupos Sambacana e Clube da Esquina.<\/p>\n\n\n\n<p>J\u00e1 no s\u00e1bado (22\/10), Thiago Dantas abriu os trabalhos a partir das 19h e, em seguida, foi a vez da dupla Kleiton &amp; Kledir se apresentar no palco montado na pra\u00e7a. Os artistas possuem mais de 20 discos lan\u00e7ados e foram sucesso no Brasil e em pa\u00edses como Estados Unidos, Argentina e Portugal. No domingo (23\/10), antes da apresenta\u00e7\u00e3o de Toni Garrido e Mart\u2019n\u00e1lia, Rog\u00e9rio Costa fez o primeiro show da noite.<\/p>\n","protected":false},"excerpt":{"rendered":"<p>Com apoio da Prefeitura de Maric\u00e1, por meio da Secretaria de Cultura, a Pra\u00e7a Orlando Barros de Pimentel, no Centro,<\/p>\n","protected":false},"author":1,"featured_media":44526,"comment_status":"open","ping_status":"open","sticky":false,"template":"","format":"standard","meta":{"colormag_page_container_layout":"default_layout","colormag_page_sidebar_layout":"default_layout","footnotes":""},"categories":[18],"tags":[],"class_list":["post-44525","post","type-post","status-publish","format-standard","has-post-thumbnail","hentry","category-entretenimento"],"amp_enabled":true,"_links":{"self":[{"href":"https:\/\/maricatotal.com.br\/site\/wp-json\/wp\/v2\/posts\/44525","targetHints":{"allow":["GET"]}}],"collection":[{"href":"https:\/\/maricatotal.com.br\/site\/wp-json\/wp\/v2\/posts"}],"about":[{"href":"https:\/\/maricatotal.com.br\/site\/wp-json\/wp\/v2\/types\/post"}],"author":[{"embeddable":true,"href":"https:\/\/maricatotal.com.br\/site\/wp-json\/wp\/v2\/users\/1"}],"replies":[{"embeddable":true,"href":"https:\/\/maricatotal.com.br\/site\/wp-json\/wp\/v2\/comments?post=44525"}],"version-history":[{"count":1,"href":"https:\/\/maricatotal.com.br\/site\/wp-json\/wp\/v2\/posts\/44525\/revisions"}],"predecessor-version":[{"id":44527,"href":"https:\/\/maricatotal.com.br\/site\/wp-json\/wp\/v2\/posts\/44525\/revisions\/44527"}],"wp:featuredmedia":[{"embeddable":true,"href":"https:\/\/maricatotal.com.br\/site\/wp-json\/wp\/v2\/media\/44526"}],"wp:attachment":[{"href":"https:\/\/maricatotal.com.br\/site\/wp-json\/wp\/v2\/media?parent=44525"}],"wp:term":[{"taxonomy":"category","embeddable":true,"href":"https:\/\/maricatotal.com.br\/site\/wp-json\/wp\/v2\/categories?post=44525"},{"taxonomy":"post_tag","embeddable":true,"href":"https:\/\/maricatotal.com.br\/site\/wp-json\/wp\/v2\/tags?post=44525"}],"curies":[{"name":"wp","href":"https:\/\/api.w.org\/{rel}","templated":true}]}}