{"id":44543,"date":"2022-10-25T15:42:30","date_gmt":"2022-10-25T18:42:30","guid":{"rendered":"https:\/\/maricatotal.com.br\/site\/?p=44543"},"modified":"2022-10-25T15:42:31","modified_gmt":"2022-10-25T18:42:31","slug":"programa-viver-bem-promove-caminhada-do-outubro-rosa-em-sao-jose-de-imbassai","status":"publish","type":"post","link":"https:\/\/maricatotal.com.br\/site\/2022\/10\/25\/programa-viver-bem-promove-caminhada-do-outubro-rosa-em-sao-jose-de-imbassai\/","title":{"rendered":"Programa Viver Bem promove caminhada do Outubro Rosa em S\u00e3o Jos\u00e9 de Imbassa\u00ed"},"content":{"rendered":"\n<p>A Prefeitura de Maric\u00e1, por meio da Secretaria de Promo\u00e7\u00e3o e Projetos Especiais, realiza no pr\u00f3ximo s\u00e1bado (29\/10), em S\u00e3o Jos\u00e9 do Imbassa\u00ed, uma caminhada da campanha Outubro Rosa, m\u00eas de conscientiza\u00e7\u00e3o sobre a preven\u00e7\u00e3o do c\u00e2ncer de mama. Promovida pelo Programa Viver Bem, os presentes v\u00e3o percorrer as ruas do bairro das 8h \u00e0s 12h partindo do polo de atendimento do bairro, que fica na Arena S\u00e3o Jos\u00e9, e seguindo at\u00e9 a Rua M\u00e1rio Leve (antiga Rua K), na Orla das Amendoeiras. A concentra\u00e7\u00e3o come\u00e7a \u00e0s 7h30.<\/p>\n\n\n\n<p>Cerca de 500 participantes est\u00e3o sendo aguardados. No fim do percurso, ser\u00e1 servido um caf\u00e9 da manh\u00e3. De acordo com o coordenador do Viver Bem, Rog\u00e9rio Peixoto , o evento \u00e9 aberto ao p\u00fablico e quem quiser caminhar \u00e9 s\u00f3 chegar no ponto de partida.<\/p>\n\n\n\n<p>\u201cComo em todos os eventos dedicados ao Outubro Rosa, o objetivo principal \u00e9 a conscientiza\u00e7\u00e3o das mulheres e da sociedade em geral sobre a import\u00e2ncia da preven\u00e7\u00e3o e do diagn\u00f3stico precoce do c\u00e2ncer de mama e, mais recentemente, sobre o c\u00e2ncer de colo do \u00fatero. Tamb\u00e9m aproveitamos a oportunidade para a integra\u00e7\u00e3o de toda sociedade, uma vez que a caminhada \u00e9 aberta para todos\u201d, refor\u00e7a o coordenador.<\/p>\n\n\n\n<p>Criado em 2013, o Programa Viver Bem tem o prop\u00f3sito de oferecer melhor qualidade de vida \u00e0 popula\u00e7\u00e3o com oferta de mais de 20 atividades diferentes entre educacionais, esportivas e l\u00fadicas, que acontecem nos polos de S\u00e3o Jos\u00e9 do Imbassa\u00ed, de Ino\u00e3, de Itapeba e de Ponta Negra. As inscri\u00e7\u00f5es s\u00e3o gratuitas e podem ser feitas de segunda a sexta-feira, das 7h \u00e0s 19h. Mais informa\u00e7\u00f5es pelo telefone 99695-4459 (tamb\u00e9m WhatsApp).<\/p>\n","protected":false},"excerpt":{"rendered":"<p>A Prefeitura de Maric\u00e1, por meio da Secretaria de Promo\u00e7\u00e3o e Projetos Especiais, realiza no pr\u00f3ximo s\u00e1bado (29\/10), em S\u00e3o<\/p>\n","protected":false},"author":1,"featured_media":44544,"comment_status":"open","ping_status":"open","sticky":false,"template":"","format":"standard","meta":{"colormag_page_container_layout":"default_layout","colormag_page_sidebar_layout":"default_layout","footnotes":""},"categories":[18],"tags":[],"class_list":["post-44543","post","type-post","status-publish","format-standard","has-post-thumbnail","hentry","category-entretenimento"],"amp_enabled":true,"_links":{"self":[{"href":"https:\/\/maricatotal.com.br\/site\/wp-json\/wp\/v2\/posts\/44543","targetHints":{"allow":["GET"]}}],"collection":[{"href":"https:\/\/maricatotal.com.br\/site\/wp-json\/wp\/v2\/posts"}],"about":[{"href":"https:\/\/maricatotal.com.br\/site\/wp-json\/wp\/v2\/types\/post"}],"author":[{"embeddable":true,"href":"https:\/\/maricatotal.com.br\/site\/wp-json\/wp\/v2\/users\/1"}],"replies":[{"embeddable":true,"href":"https:\/\/maricatotal.com.br\/site\/wp-json\/wp\/v2\/comments?post=44543"}],"version-history":[{"count":1,"href":"https:\/\/maricatotal.com.br\/site\/wp-json\/wp\/v2\/posts\/44543\/revisions"}],"predecessor-version":[{"id":44545,"href":"https:\/\/maricatotal.com.br\/site\/wp-json\/wp\/v2\/posts\/44543\/revisions\/44545"}],"wp:featuredmedia":[{"embeddable":true,"href":"https:\/\/maricatotal.com.br\/site\/wp-json\/wp\/v2\/media\/44544"}],"wp:attachment":[{"href":"https:\/\/maricatotal.com.br\/site\/wp-json\/wp\/v2\/media?parent=44543"}],"wp:term":[{"taxonomy":"category","embeddable":true,"href":"https:\/\/maricatotal.com.br\/site\/wp-json\/wp\/v2\/categories?post=44543"},{"taxonomy":"post_tag","embeddable":true,"href":"https:\/\/maricatotal.com.br\/site\/wp-json\/wp\/v2\/tags?post=44543"}],"curies":[{"name":"wp","href":"https:\/\/api.w.org\/{rel}","templated":true}]}}