{"id":44550,"date":"2022-10-25T15:45:11","date_gmt":"2022-10-25T18:45:11","guid":{"rendered":"https:\/\/maricatotal.com.br\/site\/?p=44550"},"modified":"2022-10-25T15:45:12","modified_gmt":"2022-10-25T18:45:12","slug":"marica-bier-fest-e-festival-rua-sabor-agitam-fim-de-semana-em-itaipuacu","status":"publish","type":"post","link":"https:\/\/maricatotal.com.br\/site\/2022\/10\/25\/marica-bier-fest-e-festival-rua-sabor-agitam-fim-de-semana-em-itaipuacu\/","title":{"rendered":"Maric\u00e1 Bier Fest e Festival Rua &#038; Sabor agitam fim de semana em Itaipua\u00e7u"},"content":{"rendered":"\n<p>Os eventos Maric\u00e1 Bier Fest e Festival Rua &amp; Sabor, ambos realizados pela Prefeitura de Maric\u00e1, agitaram o p\u00fablico no fim de semana na Pra\u00e7a dos Gavi\u00f5es, ao lado da lona Cultural, em Itaipua\u00e7u. As atra\u00e7\u00f5es, que tiveram encerramento no domingo (24\/10) e reuniram cinco cervejarias artesanais da cidade, gastronomia, artesanato e muita m\u00fasica ao vivo, foram promovidas pelas secretarias de Turismo e de Promo\u00e7\u00e3o e Projetos Especiais e pela Companhia de Desenvolvimento de Maric\u00e1 (Codemar), com entrada gratuita.<\/p>\n\n\n\n<p>Nesta edi\u00e7\u00e3o, o espa\u00e7o ganhou um polo cervejeiro com as cores da bandeira da Alemanha, loja de souvenir com vendas de canecas, bon\u00e9s e camisas do Bier Fest; um palco do Rua &amp; Sabor na Pra\u00e7a dos Gavi\u00f5es; uma \u00e1rea de artesanato e vendas de produtos \u00e0 base de mel e doces; e um palco que tamb\u00e9m recebeu shows de artistas locais e estiveram os expositores de gastronomia.<\/p>\n\n\n\n<p>Expositor da cervejaria BR Duplo Malte Espraiado, Michel Jos\u00e9, estava contente com a venda de sua cerveja desde sexta-feira (21\/10). \u201cO movimento estava bom, vendemos bem e o pessoal estava muito animado. J\u00e1 buscamos na nossa f\u00e1brica oito barris de 50 litros s\u00f3 da cerveja tradicional, a pilsen, fora os outros cinco tipos de cervejas especiais que n\u00f3s disponibilizamos\u201d, disse.<\/p>\n\n\n\n<p>O vendedor Sandro Porto, de 49 anos, elogiou a organiza\u00e7\u00e3o do evento. \u201cAcho muito legal esse evento em Maric\u00e1. Est\u00e1 espetacular a galera reunida. O que mais me chamou a aten\u00e7\u00e3o \u00e9 que \u00e9 um evento fam\u00edlia, com seguran\u00e7a e cerveja hiper gelada\u201d, avaliou.<\/p>\n\n\n\n<p><strong>Maric\u00e1 Bier Fest e Festival Rua &amp; Sabor<\/strong><\/p>\n\n\n\n<p>Os dois eventos integrados reuniram gastronomia variada e o polo cervejeiro de Maric\u00e1 entre quinta-feira (20) e domingo (23\/10) na lona cultural da Pra\u00e7a dos Gavi\u00f5es, em Itaipua\u00e7u. Dois palcos simult\u00e2neos foram montados no bairro com um total de 24 shows de artistas locais para animar o p\u00fablico.<\/p>\n\n\n\n<p>Curtindo o som do grupo Amigos do Quintal, o aposentado Ivan da Mota destacou o potencial de Itaipua\u00e7u em receber grandes eventos e alta gastronomia. \u201cEu estou aqui h\u00e1 oito anos, e \u00e9 um lugar que n\u00e3o pretendo sair nunca mais. Morei em Niter\u00f3i, mas Itaipua\u00e7u \u00e9 tudo de bom. A noite daqui est\u00e1 bombando\u201d, afirmou.<\/p>\n","protected":false},"excerpt":{"rendered":"<p>Os eventos Maric\u00e1 Bier Fest e Festival Rua &amp; Sabor, ambos realizados pela Prefeitura de Maric\u00e1, agitaram o p\u00fablico no<\/p>\n","protected":false},"author":1,"featured_media":44549,"comment_status":"open","ping_status":"open","sticky":false,"template":"","format":"standard","meta":{"colormag_page_container_layout":"default_layout","colormag_page_sidebar_layout":"default_layout","footnotes":""},"categories":[18],"tags":[],"class_list":["post-44550","post","type-post","status-publish","format-standard","has-post-thumbnail","hentry","category-entretenimento"],"amp_enabled":true,"_links":{"self":[{"href":"https:\/\/maricatotal.com.br\/site\/wp-json\/wp\/v2\/posts\/44550","targetHints":{"allow":["GET"]}}],"collection":[{"href":"https:\/\/maricatotal.com.br\/site\/wp-json\/wp\/v2\/posts"}],"about":[{"href":"https:\/\/maricatotal.com.br\/site\/wp-json\/wp\/v2\/types\/post"}],"author":[{"embeddable":true,"href":"https:\/\/maricatotal.com.br\/site\/wp-json\/wp\/v2\/users\/1"}],"replies":[{"embeddable":true,"href":"https:\/\/maricatotal.com.br\/site\/wp-json\/wp\/v2\/comments?post=44550"}],"version-history":[{"count":1,"href":"https:\/\/maricatotal.com.br\/site\/wp-json\/wp\/v2\/posts\/44550\/revisions"}],"predecessor-version":[{"id":44551,"href":"https:\/\/maricatotal.com.br\/site\/wp-json\/wp\/v2\/posts\/44550\/revisions\/44551"}],"wp:featuredmedia":[{"embeddable":true,"href":"https:\/\/maricatotal.com.br\/site\/wp-json\/wp\/v2\/media\/44549"}],"wp:attachment":[{"href":"https:\/\/maricatotal.com.br\/site\/wp-json\/wp\/v2\/media?parent=44550"}],"wp:term":[{"taxonomy":"category","embeddable":true,"href":"https:\/\/maricatotal.com.br\/site\/wp-json\/wp\/v2\/categories?post=44550"},{"taxonomy":"post_tag","embeddable":true,"href":"https:\/\/maricatotal.com.br\/site\/wp-json\/wp\/v2\/tags?post=44550"}],"curies":[{"name":"wp","href":"https:\/\/api.w.org\/{rel}","templated":true}]}}