{"id":44554,"date":"2022-10-25T21:16:30","date_gmt":"2022-10-26T00:16:30","guid":{"rendered":"https:\/\/maricatotal.com.br\/site\/?p=44554"},"modified":"2022-10-25T21:18:07","modified_gmt":"2022-10-26T00:18:07","slug":"policia-civil-de-marica-prende-homem-envolvido-em-tentativa-de-latrocinio-contra-prefeito-de-itaborai","status":"publish","type":"post","link":"https:\/\/maricatotal.com.br\/site\/2022\/10\/25\/policia-civil-de-marica-prende-homem-envolvido-em-tentativa-de-latrocinio-contra-prefeito-de-itaborai\/","title":{"rendered":"Pol\u00edcia Civil de Maric\u00e1 prende homem envolvido em tentativa de latroc\u00ednio contra prefeito de Itabora\u00ed"},"content":{"rendered":"\n<figure class=\"wp-block-image size-large\"><img loading=\"lazy\" decoding=\"async\" width=\"1024\" height=\"576\" src=\"https:\/\/maricatotal.com.br\/site\/wp-content\/uploads\/2022\/10\/37179E8B-0890-4803-AEE4-519052A07485-1024x576.jpeg\" alt=\"\" class=\"wp-image-44555\" srcset=\"https:\/\/maricatotal.com.br\/site\/wp-content\/uploads\/2022\/10\/37179E8B-0890-4803-AEE4-519052A07485-1024x576.jpeg 1024w, https:\/\/maricatotal.com.br\/site\/wp-content\/uploads\/2022\/10\/37179E8B-0890-4803-AEE4-519052A07485-300x169.jpeg 300w, https:\/\/maricatotal.com.br\/site\/wp-content\/uploads\/2022\/10\/37179E8B-0890-4803-AEE4-519052A07485-768x432.jpeg 768w, https:\/\/maricatotal.com.br\/site\/wp-content\/uploads\/2022\/10\/37179E8B-0890-4803-AEE4-519052A07485-1536x864.jpeg 1536w, https:\/\/maricatotal.com.br\/site\/wp-content\/uploads\/2022\/10\/37179E8B-0890-4803-AEE4-519052A07485.jpeg 1600w\" sizes=\"auto, (max-width: 1024px) 100vw, 1024px\" \/><\/figure>\n\n\n\n<p>Policial Civis da 82\u00aa DP (Maric\u00e1) prenderam um dos envolvidos na tentativa de assalto ao veiculo do prefeito de Itabora\u00ed Marcelo Delaroli, nesta ter\u00e7a-feira (25).<\/p>\n\n\n\n<p>De acordo com informa\u00e7\u00f5es, ap\u00f3s o crime, agentes iniciaram uma r\u00e1pida investiga\u00e7\u00e3o e identificaram o paradeiro do acusado, identificado como Josu\u00e9 Rodrigues de Melo J\u00fanior.<\/p>\n\n\n\n<p>O homem \u00e9 acusado de ser o respons\u00e1vel por vender um Citr\u00f6en C4, fruto de um roubo e clonado, para os autores do crime, identificados pela Pol\u00edcia Civil como Ma\u00faro J\u00fanior Lemos de Sousa e Juan Pablo Coelho de Souza.&nbsp;<\/p>\n\n\n\n<p>O delegado da 82\u00aa DP, Luiz Henrique Ferreira Guimar\u00e3es informou que est\u00e1 concluindo as investiga\u00e7\u00f5es e ser\u00e1 feita representa\u00e7\u00e3o ao Ju\u00edzo competente pelas pris\u00f5es preventivas&nbsp;&nbsp;desses dois envolvidos, que s\u00e3o da Regi\u00e3o de Itabora\u00ed.<\/p>\n\n\n\n<p>Josu\u00e9 foi preso em casa, no bairro de Itabora\u00ed, junto \u00e0 um Honda\/HRV, ve\u00edculo clonado.&nbsp;<\/p>\n\n\n\n<p>Pelo que foi apurado at\u00e9 o momento pela distrital, os investigados fazem parte de uma quadrilha que rouba e leva ve\u00edculos para traficantes de drogas das Favelas da Reta em Itabora\u00ed e do Salgueiro em S\u00e3o Gon\u00e7alo para clonagens e desmanches.<\/p>\n","protected":false},"excerpt":{"rendered":"<p>Policial Civis da 82\u00aa DP (Maric\u00e1) prenderam um dos envolvidos na tentativa de assalto ao veiculo do prefeito de Itabora\u00ed<\/p>\n","protected":false},"author":1,"featured_media":0,"comment_status":"open","ping_status":"open","sticky":false,"template":"","format":"standard","meta":{"colormag_page_container_layout":"default_layout","colormag_page_sidebar_layout":"default_layout","footnotes":""},"categories":[1],"tags":[],"class_list":["post-44554","post","type-post","status-publish","format-standard","hentry","category-noticias"],"amp_enabled":true,"_links":{"self":[{"href":"https:\/\/maricatotal.com.br\/site\/wp-json\/wp\/v2\/posts\/44554","targetHints":{"allow":["GET"]}}],"collection":[{"href":"https:\/\/maricatotal.com.br\/site\/wp-json\/wp\/v2\/posts"}],"about":[{"href":"https:\/\/maricatotal.com.br\/site\/wp-json\/wp\/v2\/types\/post"}],"author":[{"embeddable":true,"href":"https:\/\/maricatotal.com.br\/site\/wp-json\/wp\/v2\/users\/1"}],"replies":[{"embeddable":true,"href":"https:\/\/maricatotal.com.br\/site\/wp-json\/wp\/v2\/comments?post=44554"}],"version-history":[{"count":3,"href":"https:\/\/maricatotal.com.br\/site\/wp-json\/wp\/v2\/posts\/44554\/revisions"}],"predecessor-version":[{"id":44559,"href":"https:\/\/maricatotal.com.br\/site\/wp-json\/wp\/v2\/posts\/44554\/revisions\/44559"}],"wp:attachment":[{"href":"https:\/\/maricatotal.com.br\/site\/wp-json\/wp\/v2\/media?parent=44554"}],"wp:term":[{"taxonomy":"category","embeddable":true,"href":"https:\/\/maricatotal.com.br\/site\/wp-json\/wp\/v2\/categories?post=44554"},{"taxonomy":"post_tag","embeddable":true,"href":"https:\/\/maricatotal.com.br\/site\/wp-json\/wp\/v2\/tags?post=44554"}],"curies":[{"name":"wp","href":"https:\/\/api.w.org\/{rel}","templated":true}]}}