{"id":45009,"date":"2022-11-07T09:07:28","date_gmt":"2022-11-07T12:07:28","guid":{"rendered":"https:\/\/maricatotal.com.br\/site\/?p=45009"},"modified":"2022-11-17T22:32:19","modified_gmt":"2022-11-18T01:32:19","slug":"8a-parada-do-orgulho-lgbtqia-reune-tres-mil-pessoas-em-aracatiba","status":"publish","type":"post","link":"https:\/\/maricatotal.com.br\/site\/2022\/11\/07\/8a-parada-do-orgulho-lgbtqia-reune-tres-mil-pessoas-em-aracatiba\/","title":{"rendered":"8\u00aa Parada do Orgulho LGBTQIA+ re\u00fane tr\u00eas mil pessoas em Ara\u00e7atiba"},"content":{"rendered":"\n<p>Com muita alegria, anima\u00e7\u00e3o e luta por direitos, a 8\u00aa Parada do Orgulho LGBTQIA+ de Maric\u00e1 reuniu cerca de tr\u00eas mil pessoas na Pra\u00e7a Tiradentes, em Ara\u00e7atiba, neste domingo (06\/11). Com o tema \u201cNosso orgulho \u00e9 a democracia\u201d, o evento foi organizado pelo Grupo Humanos LGBTQI e pelo F\u00f3rum LGBTQI de Maric\u00e1 e Itaipua\u00e7u, com apoio das secretarias de Turismo e de Participa\u00e7\u00e3o Popular, Direitos Humanos e Mulher. A festividade tem o objetivo de dar visibilidade cultural, promover os direitos humanos e a cidadania no enfrentamento \u00e0 viol\u00eancia.<\/p>\n\n\n\n<p>Na programa\u00e7\u00e3o, performances, poesia e muita m\u00fasica com DJs e show da cantora Moniquinha \u00c2ngelo, que se apresentou com um repert\u00f3rio de ax\u00e9 que animou a todos no local. O coordenador de assuntos LGBTQIA+, da Secretaria Municipal de Participa\u00e7\u00e3o Popular, Direitos Humanos e Mulher, Carlos Alves, ressaltou a import\u00e2ncia do evento.<\/p>\n\n\n\n<p>\u201cAp\u00f3s dois anos de interrup\u00e7\u00e3o, por causa da pandemia, estamos retornando com o tema \u201cNosso Orgulho \u00e9 a democracia\u201d, pois sofremos quatro anos de retrocesso e ataques \u00e0 comunidade LGBTQIA+ e queremos, a partir de agora, refor\u00e7ar a nossa luta pela democracia, liberdade e respeito\u201d, disse.<\/p>\n\n\n\n<p>Moradora de Itaipua\u00e7u e integrante do movimento cultural Ruasia, Ana Vit\u00f3ria Lucena, conhecida como \u201cNav\u201d, destacou a festa pela beleza e pelas lutas democr\u00e1ticas.<\/p>\n\n\n\n<p>\u201cHoje estamos aqui como resist\u00eancia trazendo esse cunho pol\u00edtico tamb\u00e9m para a parada LGBTQIA+. N\u00e3o \u00e9 s\u00f3 uma festividade bonita, vai muito al\u00e9m disso porque estamos sempre na luta\u201d, afirmou.<\/p>\n\n\n\n<p><strong>P\u00fablico animou a festa<\/strong><\/p>\n\n\n\n<p>A estudante Bruna Dantas, de 18 anos, aproveitou o domingo de sol para prestigiar a 8\u00aa Parada LGBTQIA+ e gostou da festa.<\/p>\n\n\n\n<p>\u201cEstou adorando o evento. \u00c9 bem diversificado, com diversas pessoas que lutam por uma causa muito importante. Sou simpatizante e acho que devemos tamb\u00e9m fazer parte dessa luta. Uma festa linda e muito animada\u201d, contou.<\/p>\n\n\n\n<p>Tamb\u00e9m estudante, Thiago Rodrigues, de 18 anos, acredita que esse seja um evento importante para a cidade.<\/p>\n\n\n\n<p>\u201cAqui est\u00e1 tendo uma diversidade muito grande com gays, l\u00e9sbicas e h\u00e9teros. \u00c9 um evento muito importante para cidade de Maric\u00e1, para que todos tenham conhecimento e que possamos buscar igualdade, al\u00e9m da luta pelas causas da comunidade LGBTQIA+\u201d, destacou.<\/p>\n\n\n\n<p><strong>1\u00ba Feira de Diversidade<\/strong><\/p>\n\n\n\n<p>O evento ainda contou com a 1\u00aa Feira da Diversidade de Maric\u00e1, tamb\u00e9m na Pra\u00e7a Tiradentes, com op\u00e7\u00f5es de gastronomia, moda e artesanato. A feirante Raquel Miranda levou roupas bem coloridas, que buscam a representatividade LGBTQIA+.<\/p>\n\n\n\n<p>\u201cEu s\u00f3 vendo minhas pe\u00e7as online. Esse \u00e9 o primeiro encontro presencial com o p\u00fablico, mostrando o produto ao vivo e n\u00e3o s\u00f3 pela tela. Trouxe produtos que tem representatividade, pois acredito que a roupa n\u00e3o tem g\u00eanero e \u00e9 para todos, mas trouxe as bandeiras tamb\u00e9m, que representam a orienta\u00e7\u00e3o sexual e muita cor para que possam ser resist\u00eancia por onde passar\u201d, destacou.<\/p>\n","protected":false},"excerpt":{"rendered":"<p>Com muita alegria, anima\u00e7\u00e3o e luta por direitos, a 8\u00aa Parada do Orgulho LGBTQIA+ de Maric\u00e1 reuniu cerca de tr\u00eas<\/p>\n","protected":false},"author":1,"featured_media":45010,"comment_status":"open","ping_status":"open","sticky":false,"template":"","format":"standard","meta":{"colormag_page_container_layout":"default_layout","colormag_page_sidebar_layout":"default_layout","footnotes":""},"categories":[18],"tags":[],"class_list":["post-45009","post","type-post","status-publish","format-standard","has-post-thumbnail","hentry","category-entretenimento"],"amp_enabled":true,"_links":{"self":[{"href":"https:\/\/maricatotal.com.br\/site\/wp-json\/wp\/v2\/posts\/45009","targetHints":{"allow":["GET"]}}],"collection":[{"href":"https:\/\/maricatotal.com.br\/site\/wp-json\/wp\/v2\/posts"}],"about":[{"href":"https:\/\/maricatotal.com.br\/site\/wp-json\/wp\/v2\/types\/post"}],"author":[{"embeddable":true,"href":"https:\/\/maricatotal.com.br\/site\/wp-json\/wp\/v2\/users\/1"}],"replies":[{"embeddable":true,"href":"https:\/\/maricatotal.com.br\/site\/wp-json\/wp\/v2\/comments?post=45009"}],"version-history":[{"count":1,"href":"https:\/\/maricatotal.com.br\/site\/wp-json\/wp\/v2\/posts\/45009\/revisions"}],"predecessor-version":[{"id":45011,"href":"https:\/\/maricatotal.com.br\/site\/wp-json\/wp\/v2\/posts\/45009\/revisions\/45011"}],"wp:featuredmedia":[{"embeddable":true,"href":"https:\/\/maricatotal.com.br\/site\/wp-json\/wp\/v2\/media\/45010"}],"wp:attachment":[{"href":"https:\/\/maricatotal.com.br\/site\/wp-json\/wp\/v2\/media?parent=45009"}],"wp:term":[{"taxonomy":"category","embeddable":true,"href":"https:\/\/maricatotal.com.br\/site\/wp-json\/wp\/v2\/categories?post=45009"},{"taxonomy":"post_tag","embeddable":true,"href":"https:\/\/maricatotal.com.br\/site\/wp-json\/wp\/v2\/tags?post=45009"}],"curies":[{"name":"wp","href":"https:\/\/api.w.org\/{rel}","templated":true}]}}