{"id":4504,"date":"2019-11-06T16:18:16","date_gmt":"2019-11-06T19:18:16","guid":{"rendered":"http:\/\/maricatotal.com.br\/site\/?p=4504"},"modified":"2019-11-06T16:18:18","modified_gmt":"2019-11-06T19:18:18","slug":"travessia-espraiado-tomascar-no-circuito-ecologico-de-sabado","status":"publish","type":"post","link":"https:\/\/maricatotal.com.br\/site\/2019\/11\/06\/travessia-espraiado-tomascar-no-circuito-ecologico-de-sabado\/","title":{"rendered":"TRAVESSIA ESPRAIADO-TOMASCAR NO CIRCUITO ECOL\u00d3GICO DE S\u00c1BADO"},"content":{"rendered":"\n<figure class=\"wp-block-image\"><img loading=\"lazy\" decoding=\"async\" width=\"1024\" height=\"698\" src=\"http:\/\/maricatotal.com.br\/site\/wp-content\/uploads\/2019\/11\/CIRCUITO-ECOLOGICO-CAMINHOS-DE-MARIC\u00c1-ESPRAIADO-TOMAS-CAR-22-21-01-17-Clarildo-Menezes-50-1024x698.jpg\" alt=\"\" class=\"wp-image-4505\" srcset=\"https:\/\/maricatotal.com.br\/site\/wp-content\/uploads\/2019\/11\/CIRCUITO-ECOLOGICO-CAMINHOS-DE-MARIC\u00c1-ESPRAIADO-TOMAS-CAR-22-21-01-17-Clarildo-Menezes-50-1024x698.jpg 1024w, https:\/\/maricatotal.com.br\/site\/wp-content\/uploads\/2019\/11\/CIRCUITO-ECOLOGICO-CAMINHOS-DE-MARIC\u00c1-ESPRAIADO-TOMAS-CAR-22-21-01-17-Clarildo-Menezes-50-300x204.jpg 300w, https:\/\/maricatotal.com.br\/site\/wp-content\/uploads\/2019\/11\/CIRCUITO-ECOLOGICO-CAMINHOS-DE-MARIC\u00c1-ESPRAIADO-TOMAS-CAR-22-21-01-17-Clarildo-Menezes-50-768x523.jpg 768w, https:\/\/maricatotal.com.br\/site\/wp-content\/uploads\/2019\/11\/CIRCUITO-ECOLOGICO-CAMINHOS-DE-MARIC\u00c1-ESPRAIADO-TOMAS-CAR-22-21-01-17-Clarildo-Menezes-50-130x90.jpg 130w\" sizes=\"auto, (max-width: 1024px) 100vw, 1024px\" \/><\/figure>\n\n\n\n<p>Um dos passeios preferidos dos participantes, a travessia Espraiado-Tomascar \u00e9 a trilha do Circuito Ecol\u00f3gico de Maric\u00e1 deste s\u00e1bado (09\/11), projeto da Secretaria de Cidade Sustent\u00e1vel.<\/p>\n\n\n\n<p>Considerada pesada, com seis horas de dura\u00e7\u00e3o e subidas \u00edngremes, a trilha \u00e9 indicada para quem tem preparo f\u00edsico. O roteiro inclui caminhada pelo Vale de S\u00e3o Francisco, no Espraiado, at\u00e9 o Vilarejo de Tomascar, em Rio Bonito, onde&nbsp;existe uma fazenda desativada com moinho de farinha de roda d\u2019\u00e1gua constru\u00edda pelos escravos. No trajeto, est\u00e3o previstas paradas em riachos, cachoeiras e piscinas naturais.<\/p>\n\n\n\n<p>Com vagas limitadas, as inscri\u00e7\u00f5es s\u00e3o gratuitas e s\u00e3o feitas na sede da Unidade de Conserva\u00e7\u00e3o do Espraiado (Rua Thom\u00e1s Cola\u00e7o, s\/n\u00ba) ou pelos telefones&nbsp;2648-6752 ou 99675-5632.<\/p>\n\n\n\n<p>Os participantes ir\u00e3o se encontrar na sede da Unidade de Conversa\u00e7\u00e3o \u00e0s 8h para iniciar a caminhada. Para quem for de transporte p\u00fablico, sai um \u00f4nibus gratuito (Vermelhinho) da rodovi\u00e1ria do Centro para o Espraiado \u00e0s 7h20.<\/p>\n\n\n\n<p>A orienta\u00e7\u00e3o da secretaria \u00e9 que os participantes usem roupas leves e trajes de banho, cal\u00e7ado com travas e bon\u00e9, al\u00e9m de levar \u00e1gua (2 litros,&nbsp;no m\u00ednimo), lanche, protetor solar, repelente, rem\u00e9dios de uso pessoal e sacos para lixo. No passeio, os participantes poder\u00e3o almo\u00e7ar no Restaurante da Marilene, que custa em torno de R$ 20 e \u00e9 opcional.<\/p>\n\n\n\n<p>Realizado desde setembro de 2013, o Circuito Ecol\u00f3gico re\u00fane, em m\u00e9dia, 30 pessoas semanalmente a partir de 7 anos de idade.<\/p>\n","protected":false},"excerpt":{"rendered":"<p>Um dos passeios preferidos dos participantes, a travessia Espraiado-Tomascar \u00e9 a trilha do Circuito Ecol\u00f3gico de Maric\u00e1 deste s\u00e1bado (09\/11),<\/p>\n","protected":false},"author":1,"featured_media":0,"comment_status":"open","ping_status":"open","sticky":false,"template":"","format":"standard","meta":{"colormag_page_container_layout":"default_layout","colormag_page_sidebar_layout":"default_layout","footnotes":""},"categories":[18,15],"tags":[],"class_list":["post-4504","post","type-post","status-publish","format-standard","hentry","category-entretenimento","category-esporte"],"amp_enabled":true,"_links":{"self":[{"href":"https:\/\/maricatotal.com.br\/site\/wp-json\/wp\/v2\/posts\/4504","targetHints":{"allow":["GET"]}}],"collection":[{"href":"https:\/\/maricatotal.com.br\/site\/wp-json\/wp\/v2\/posts"}],"about":[{"href":"https:\/\/maricatotal.com.br\/site\/wp-json\/wp\/v2\/types\/post"}],"author":[{"embeddable":true,"href":"https:\/\/maricatotal.com.br\/site\/wp-json\/wp\/v2\/users\/1"}],"replies":[{"embeddable":true,"href":"https:\/\/maricatotal.com.br\/site\/wp-json\/wp\/v2\/comments?post=4504"}],"version-history":[{"count":0,"href":"https:\/\/maricatotal.com.br\/site\/wp-json\/wp\/v2\/posts\/4504\/revisions"}],"wp:attachment":[{"href":"https:\/\/maricatotal.com.br\/site\/wp-json\/wp\/v2\/media?parent=4504"}],"wp:term":[{"taxonomy":"category","embeddable":true,"href":"https:\/\/maricatotal.com.br\/site\/wp-json\/wp\/v2\/categories?post=4504"},{"taxonomy":"post_tag","embeddable":true,"href":"https:\/\/maricatotal.com.br\/site\/wp-json\/wp\/v2\/tags?post=4504"}],"curies":[{"name":"wp","href":"https:\/\/api.w.org\/{rel}","templated":true}]}}