{"id":45048,"date":"2022-11-07T16:20:54","date_gmt":"2022-11-07T19:20:54","guid":{"rendered":"https:\/\/maricatotal.com.br\/site\/?p=45048"},"modified":"2022-11-17T22:34:13","modified_gmt":"2022-11-18T01:34:13","slug":"procon-de-marica-descartou-218-kg-de-alimentos-em-supermercado-de-itaipuacu","status":"publish","type":"post","link":"https:\/\/maricatotal.com.br\/site\/2022\/11\/07\/procon-de-marica-descartou-218-kg-de-alimentos-em-supermercado-de-itaipuacu\/","title":{"rendered":"Procon de Maric\u00e1 descartou 218 kg de alimentos em supermercado de Itaipua\u00e7u"},"content":{"rendered":"\n<p>A Prefeitura de Maric\u00e1, por meio da Secretaria de Defesa do Consumidor e do Procon Maric\u00e1, descartou 218 kg de produtos vencidos e impr\u00f3prios para o consumo, durante fiscaliza\u00e7\u00e3o realizada na sexta-feira (04\/11) em um supermercado de Itaipua\u00e7u. Os agentes foram ao local ap\u00f3s receber den\u00fancias de consumidores e autuaram o estabelecimento na vistoria, que identificou uma s\u00e9rie de irregularidades, como o armazenamento inadequado de mercadorias e sem indica\u00e7\u00e3o de proced\u00eancia.<\/p>\n\n\n\n<p>No dia 25 de outubro, o Procon j\u00e1 tinha constatado e inspecionado o estabelecimento sobre pr\u00e1ticas de consumo criminosas e abusivas que continuavam sendo mantidas. Na inspe\u00e7\u00e3o, o \u00f3rg\u00e3o descartou 134 kg de alimentos porque as condi\u00e7\u00f5es de higiene no estoque, nas prateleiras e nas geladeiras estavam inadequadas e n\u00e3o atendiam o que determina a Lei de Defesa do Consumidor. O local foi notificado na \u00e9poca, com prazo m\u00ednimo para adequa\u00e7\u00e3o, sob pena de sofrer multa, suspens\u00e3o das atividades ou cassa\u00e7\u00e3o da autoriza\u00e7\u00e3o de funcionamento.<\/p>\n\n\n\n<p>O secret\u00e1rio de Defesa do Consumidor, Felipe Paiva, alerta que o trabalho de fiscaliza\u00e7\u00e3o ser\u00e1 intensificado nas pr\u00f3ximas semanas. \u201cEstamos iniciando uma campanha com o nome Alimento Vencido Leva \u00e0 Morte, que seguir\u00e1 com a\u00e7\u00f5es por toda a cidade. Nossa Secretaria continuar\u00e1 firme na sequ\u00eancia de fiscaliza\u00e7\u00f5es para extinguir pr\u00e1ticas abusivas contra o cidad\u00e3o maricaense\u201d, destacou.<\/p>\n","protected":false},"excerpt":{"rendered":"<p>A Prefeitura de Maric\u00e1, por meio da Secretaria de Defesa do Consumidor e do Procon Maric\u00e1, descartou 218 kg de<\/p>\n","protected":false},"author":1,"featured_media":45049,"comment_status":"open","ping_status":"open","sticky":false,"template":"","format":"standard","meta":{"colormag_page_container_layout":"default_layout","colormag_page_sidebar_layout":"default_layout","footnotes":""},"categories":[14],"tags":[],"class_list":["post-45048","post","type-post","status-publish","format-standard","has-post-thumbnail","hentry","category-bairros"],"amp_enabled":true,"_links":{"self":[{"href":"https:\/\/maricatotal.com.br\/site\/wp-json\/wp\/v2\/posts\/45048","targetHints":{"allow":["GET"]}}],"collection":[{"href":"https:\/\/maricatotal.com.br\/site\/wp-json\/wp\/v2\/posts"}],"about":[{"href":"https:\/\/maricatotal.com.br\/site\/wp-json\/wp\/v2\/types\/post"}],"author":[{"embeddable":true,"href":"https:\/\/maricatotal.com.br\/site\/wp-json\/wp\/v2\/users\/1"}],"replies":[{"embeddable":true,"href":"https:\/\/maricatotal.com.br\/site\/wp-json\/wp\/v2\/comments?post=45048"}],"version-history":[{"count":1,"href":"https:\/\/maricatotal.com.br\/site\/wp-json\/wp\/v2\/posts\/45048\/revisions"}],"predecessor-version":[{"id":45050,"href":"https:\/\/maricatotal.com.br\/site\/wp-json\/wp\/v2\/posts\/45048\/revisions\/45050"}],"wp:featuredmedia":[{"embeddable":true,"href":"https:\/\/maricatotal.com.br\/site\/wp-json\/wp\/v2\/media\/45049"}],"wp:attachment":[{"href":"https:\/\/maricatotal.com.br\/site\/wp-json\/wp\/v2\/media?parent=45048"}],"wp:term":[{"taxonomy":"category","embeddable":true,"href":"https:\/\/maricatotal.com.br\/site\/wp-json\/wp\/v2\/categories?post=45048"},{"taxonomy":"post_tag","embeddable":true,"href":"https:\/\/maricatotal.com.br\/site\/wp-json\/wp\/v2\/tags?post=45048"}],"curies":[{"name":"wp","href":"https:\/\/api.w.org\/{rel}","templated":true}]}}