{"id":45072,"date":"2022-11-08T09:06:21","date_gmt":"2022-11-08T12:06:21","guid":{"rendered":"https:\/\/maricatotal.com.br\/site\/?p=45072"},"modified":"2022-11-17T22:35:30","modified_gmt":"2022-11-18T01:35:30","slug":"representante-de-salvador-visita-marica-para-conhecer-projetos-de-agricultura-urbana","status":"publish","type":"post","link":"https:\/\/maricatotal.com.br\/site\/2022\/11\/08\/representante-de-salvador-visita-marica-para-conhecer-projetos-de-agricultura-urbana\/","title":{"rendered":"Representante de Salvador visita Maric\u00e1 para conhecer projetos de agricultura urbana"},"content":{"rendered":"\n<p>A cidade de Maric\u00e1 recebeu nesta segunda-feira (07\/11) a visita de uma representante da Prefeitura de Salvador, na Bahia, para conhecer os projetos na \u00e1rea de agricultura urbana e familiar da cidade. A diretora de Resili\u00eancia da Secretaria de Sustentabilidade e Resili\u00eancia do munic\u00edpio baiano, Tainara Ferreira, esteve na Pra\u00e7a Agroecol\u00f3gica de Ara\u00e7atiba, e na F\u00e1brica Municipal de Vegetais Desidratados, em Ubatiba, acompanhada por equipe da Secretaria de Agricultura, Pecu\u00e1ria e Pesca. Na \u00faltima segunda-feira, dia 24\/10, a vice-prefeita de Paris, na Fran\u00e7a, Audrey Pulvar, tamb\u00e9m conheceu as unidades agroecol\u00f3gicas da cidade.<\/p>\n\n\n\n<p>Em Ara\u00e7atiba, a representante de Salvador conheceu os canteiros de hortali\u00e7as e temperos, que s\u00e3o cultivados em plena \u00e1rea urbana e distribu\u00eddos \u00e0 popula\u00e7\u00e3o. Tainara contou que participou do 8\u00ba F\u00f3rum Global do Pacto de Pol\u00edtica Alimentar Urbana, no Rio de Janeiro, em outubro, e foi convidada pelo secret\u00e1rio de Agricultura, Pecu\u00e1ria e Pesca, Julio Carolino, para conhecer as iniciativas de seguran\u00e7a alimentar de Maric\u00e1. O evento reuniu os 27 secret\u00e1rios de Meio Ambiente das capitais do Brasil, al\u00e9m de Maric\u00e1 e Niter\u00f3i, com representantes de outras 162 cidades do mundo, como Copenhagen, Chicago e Washington.<\/p>\n\n\n\n<p>\u201cDescobri Maric\u00e1 no Pacto de Mil\u00e3o onde trocamos experi\u00eancias e viemos conhecer os projetos agroecol\u00f3gicos do munic\u00edpio. Aqui voc\u00eas est\u00e3o dando uma aula para Salvador de instituir uma pra\u00e7a agroecol\u00f3gica, em um espa\u00e7o como esse integrado com a comunidade e de educa\u00e7\u00e3o ambiental. Gostei muito de conhecer a Pra\u00e7a Agroecol\u00f3gica de Ara\u00e7atiba e vamos implantar essa ideia em Salvador\u201d, afirmou a diretora baiana.<\/p>\n\n\n\n<p><strong>Maric\u00e1 no Pacto de Mil\u00e3o<\/strong><\/p>\n\n\n\n<p>O prefeito Fabiano Horta assinou no dia 8 de mar\u00e7o o documento que oficializou a entrada do munic\u00edpio no Pacto de Mil\u00e3o, o mais importante f\u00f3rum mundial sobre seguran\u00e7a alimentar, sustentabilidade e combate ao desperd\u00edcio. Na ocasi\u00e3o, a cidade lan\u00e7ou tamb\u00e9m sua candidatura a um projeto internacional da FAO (\u00f3rg\u00e3o das Na\u00e7\u00f5es Unidas para alimenta\u00e7\u00e3o e agricultura). Para concorrer, a Prefeitura listou 12 programas municipais que d\u00e3o acesso \u00e0 popula\u00e7\u00e3o de baixa renda a refei\u00e7\u00f5es balanceadas e saud\u00e1veis, como as Pra\u00e7as Agroecol\u00f3gicas, as hortas comunit\u00e1rias, o Restaurante Municipal, entre outros.<\/p>\n\n\n\n<p>Com a participa\u00e7\u00e3o no Pacto de Mil\u00e3o, Maric\u00e1 foi selecionada par fazer parte da Confer\u00eancia da ONU sobre Mudan\u00e7as Clim\u00e1ticas, a COP27, que acontece de 6 a 18\/11, em Sharm el-Sheikh, no Egito. Durante a confer\u00eancia, Julio Carolino vai falar sobre a experi\u00eancia de Maric\u00e1 em agricultura urbana onde participa do projeto \u201cDi\u00e1logos Multissetoriais sobre Sistemas Alimentares Urbanos no Sul Global (\u00c1frica e Am\u00e9rica Latina)\u201d. A COP-27 \u00e9 o evento mais importante e o maior j\u00e1 realizado sobre o tema de mudan\u00e7as clim\u00e1ticas.<\/p>\n","protected":false},"excerpt":{"rendered":"<p>A cidade de Maric\u00e1 recebeu nesta segunda-feira (07\/11) a visita de uma representante da Prefeitura de Salvador, na Bahia, para<\/p>\n","protected":false},"author":1,"featured_media":45074,"comment_status":"open","ping_status":"open","sticky":false,"template":"","format":"standard","meta":{"colormag_page_container_layout":"default_layout","colormag_page_sidebar_layout":"default_layout","footnotes":""},"categories":[18],"tags":[],"class_list":["post-45072","post","type-post","status-publish","format-standard","has-post-thumbnail","hentry","category-entretenimento"],"amp_enabled":true,"_links":{"self":[{"href":"https:\/\/maricatotal.com.br\/site\/wp-json\/wp\/v2\/posts\/45072","targetHints":{"allow":["GET"]}}],"collection":[{"href":"https:\/\/maricatotal.com.br\/site\/wp-json\/wp\/v2\/posts"}],"about":[{"href":"https:\/\/maricatotal.com.br\/site\/wp-json\/wp\/v2\/types\/post"}],"author":[{"embeddable":true,"href":"https:\/\/maricatotal.com.br\/site\/wp-json\/wp\/v2\/users\/1"}],"replies":[{"embeddable":true,"href":"https:\/\/maricatotal.com.br\/site\/wp-json\/wp\/v2\/comments?post=45072"}],"version-history":[{"count":1,"href":"https:\/\/maricatotal.com.br\/site\/wp-json\/wp\/v2\/posts\/45072\/revisions"}],"predecessor-version":[{"id":45075,"href":"https:\/\/maricatotal.com.br\/site\/wp-json\/wp\/v2\/posts\/45072\/revisions\/45075"}],"wp:featuredmedia":[{"embeddable":true,"href":"https:\/\/maricatotal.com.br\/site\/wp-json\/wp\/v2\/media\/45074"}],"wp:attachment":[{"href":"https:\/\/maricatotal.com.br\/site\/wp-json\/wp\/v2\/media?parent=45072"}],"wp:term":[{"taxonomy":"category","embeddable":true,"href":"https:\/\/maricatotal.com.br\/site\/wp-json\/wp\/v2\/categories?post=45072"},{"taxonomy":"post_tag","embeddable":true,"href":"https:\/\/maricatotal.com.br\/site\/wp-json\/wp\/v2\/tags?post=45072"}],"curies":[{"name":"wp","href":"https:\/\/api.w.org\/{rel}","templated":true}]}}