{"id":45082,"date":"2022-11-08T14:02:49","date_gmt":"2022-11-08T17:02:49","guid":{"rendered":"https:\/\/maricatotal.com.br\/site\/?p=45082"},"modified":"2022-11-17T22:35:42","modified_gmt":"2022-11-18T01:35:42","slug":"marica-defesa-civil-promove-acao-de-saude-do-trabalhador-para-cerca-de-100-servidores","status":"publish","type":"post","link":"https:\/\/maricatotal.com.br\/site\/2022\/11\/08\/marica-defesa-civil-promove-acao-de-saude-do-trabalhador-para-cerca-de-100-servidores\/","title":{"rendered":"Maric\u00e1: Defesa Civil promove a\u00e7\u00e3o de sa\u00fade do trabalhador para cerca de 100 servidores"},"content":{"rendered":"\n<p>A Prefeitura de Maric\u00e1, por meio da Secretaria de Prote\u00e7\u00e3o e Defesa Civil, promoveu nesta segunda-feira (07\/11) a a\u00e7\u00e3o \u201cSa\u00fade do Trabalhador\u201d voltada para cerca de 100 servidores, entre veteranos e novos agentes, na sede da institui\u00e7\u00e3o, em Itapeba. A iniciativa foi realizada em parceria com a secretaria de Sa\u00fade.<\/p>\n\n\n\n<p>A programa\u00e7\u00e3o contou com a participa\u00e7\u00e3o do n\u00facleo de Educa\u00e7\u00e3o Permanente (NEP) da Secretaria de Sa\u00fade e da Faculdade de Ci\u00eancias M\u00e9dicas de Maric\u00e1 em oficinas de autocuidado, avalia\u00e7\u00e3o de sa\u00fade com aferi\u00e7\u00e3o, press\u00e3o arterial, teste de glicemia capilar e de IMC, educa\u00e7\u00e3o em sa\u00fade na detec\u00e7\u00e3o precoce do c\u00e2ncer de pele e de pr\u00f3stata.<\/p>\n\n\n\n<p>\u201cEsse \u00e9 o pontap\u00e9 inicial das a\u00e7\u00f5es que ser\u00e3o realizadas com mais frequ\u00eancia para os servidores da Defesa Civil. Esses profissionais est\u00e3o sempre suscet\u00edveis a v\u00e1rios tipos de riscos e adversidades. Por isso, merecem uma aten\u00e7\u00e3o especial em rela\u00e7\u00e3o \u00e0 sua sa\u00fade\u201d, declarou o secret\u00e1rio de Prote\u00e7\u00e3o e Defesa Civil, Fabr\u00edcio Bittencourt.<\/p>\n\n\n\n<p>As pr\u00f3ximas a\u00e7\u00f5es est\u00e3o previstas para os dias 22 e 23 de novembro. Em ambas v\u00e3o contar com a participa\u00e7\u00e3o de profissionais da Aten\u00e7\u00e3o B\u00e1sica e da ger\u00eancia de Linhas de Cuidado da Sa\u00fade do Homem.<\/p>\n","protected":false},"excerpt":{"rendered":"<p>A Prefeitura de Maric\u00e1, por meio da Secretaria de Prote\u00e7\u00e3o e Defesa Civil, promoveu nesta segunda-feira (07\/11) a a\u00e7\u00e3o \u201cSa\u00fade<\/p>\n","protected":false},"author":1,"featured_media":45083,"comment_status":"open","ping_status":"open","sticky":false,"template":"","format":"standard","meta":{"colormag_page_container_layout":"default_layout","colormag_page_sidebar_layout":"default_layout","footnotes":""},"categories":[18],"tags":[],"class_list":["post-45082","post","type-post","status-publish","format-standard","has-post-thumbnail","hentry","category-entretenimento"],"amp_enabled":true,"_links":{"self":[{"href":"https:\/\/maricatotal.com.br\/site\/wp-json\/wp\/v2\/posts\/45082","targetHints":{"allow":["GET"]}}],"collection":[{"href":"https:\/\/maricatotal.com.br\/site\/wp-json\/wp\/v2\/posts"}],"about":[{"href":"https:\/\/maricatotal.com.br\/site\/wp-json\/wp\/v2\/types\/post"}],"author":[{"embeddable":true,"href":"https:\/\/maricatotal.com.br\/site\/wp-json\/wp\/v2\/users\/1"}],"replies":[{"embeddable":true,"href":"https:\/\/maricatotal.com.br\/site\/wp-json\/wp\/v2\/comments?post=45082"}],"version-history":[{"count":1,"href":"https:\/\/maricatotal.com.br\/site\/wp-json\/wp\/v2\/posts\/45082\/revisions"}],"predecessor-version":[{"id":45084,"href":"https:\/\/maricatotal.com.br\/site\/wp-json\/wp\/v2\/posts\/45082\/revisions\/45084"}],"wp:featuredmedia":[{"embeddable":true,"href":"https:\/\/maricatotal.com.br\/site\/wp-json\/wp\/v2\/media\/45083"}],"wp:attachment":[{"href":"https:\/\/maricatotal.com.br\/site\/wp-json\/wp\/v2\/media?parent=45082"}],"wp:term":[{"taxonomy":"category","embeddable":true,"href":"https:\/\/maricatotal.com.br\/site\/wp-json\/wp\/v2\/categories?post=45082"},{"taxonomy":"post_tag","embeddable":true,"href":"https:\/\/maricatotal.com.br\/site\/wp-json\/wp\/v2\/tags?post=45082"}],"curies":[{"name":"wp","href":"https:\/\/api.w.org\/{rel}","templated":true}]}}