{"id":45738,"date":"2022-11-24T07:29:07","date_gmt":"2022-11-24T10:29:07","guid":{"rendered":"https:\/\/maricatotal.com.br\/site\/?p=45738"},"modified":"2022-11-30T09:32:45","modified_gmt":"2022-11-30T12:32:45","slug":"acao-voltada-a-saude-do-homem-mobiliza-os-profissionais-da-defesa-civil-de-marica","status":"publish","type":"post","link":"https:\/\/maricatotal.com.br\/site\/2022\/11\/24\/acao-voltada-a-saude-do-homem-mobiliza-os-profissionais-da-defesa-civil-de-marica\/","title":{"rendered":"A\u00e7\u00e3o voltada \u00e0 sa\u00fade do homem mobiliza os profissionais da Defesa Civil de Maric\u00e1"},"content":{"rendered":"\n<p>A Prefeitura de Maric\u00e1, por meio da Secretaria de Sa\u00fade, realizou na ter\u00e7a e quarta-feira (22 e 23\/11) uma a\u00e7\u00e3o na sede da Secretaria de Prote\u00e7\u00e3o e Defesa Civil, oferecendo diversos cuidados a cerca de 130 profissionais da pasta, incluindo palestras de conscientiza\u00e7\u00e3o sobre o bem-estar masculino; orienta\u00e7\u00f5es relacionadas \u00e0 diabetes, al\u00e9m de testagem para Infec\u00e7\u00f5es Sexualmente Transmiss\u00edveis (ISTs), como HIV, s\u00edfilis, Hepatite B e Hepatite C.<\/p>\n\n\n\n<p>A din\u00e2mica integra a programa\u00e7\u00e3o do Novembro Azul, m\u00eas de preven\u00e7\u00e3o ao c\u00e2ncer de pr\u00f3stata, simbolizando tamb\u00e9m a busca ativa pelo p\u00fablico masculino nos \u00f3rg\u00e3os municipais e estabelecimentos comerciais da cidade, uma forma de aproximar esse grupo aos servi\u00e7os de sa\u00fade dispon\u00edveis. Na pr\u00f3xima segunda-feira (28\/10), a atividade ocorrer\u00e1 no Centro Administrativo da Prefeitura em Itaipua\u00e7u e a previs\u00e3o \u00e9 que outros locais sejam contemplados posteriormente.<\/p>\n\n\n\n<p>Leandro Bastos, gerente das linhas de cuidado da Aten\u00e7\u00e3o Prim\u00e1ria \u00e0 Sa\u00fade, destacou o papel da a\u00e7\u00e3o para levar informa\u00e7\u00f5es qualificadas aos homens que atuam na Defesa Civil, desmistificando preconceitos, respondendo d\u00favidas pertinentes e ampliando os cuidados.<\/p>\n\n\n\n<p>\u201cEm meio \u00e0 mobiliza\u00e7\u00e3o do Novembro Azul, aproveitamos para atuar ativamente em diversos locais, onde falamos sobre a preven\u00e7\u00e3o ao c\u00e2ncer de pr\u00f3stata e outros temas relacionados \u00e0 sa\u00fade masculina. Dessa forma, passamos informa\u00e7\u00f5es importantes, com o objetivo que os homens compreendam o papel das medidas preventivas, consci\u00eancia que ainda encontra muitas barreiras nesse p\u00fablico. Abrir um espa\u00e7o positivo \u00e9 essencial, contando com esclarecimento de d\u00favidas, testagem para ISTs e palestras sobre assuntos diversos, melhorando o cuidado oferecido aos profissionais da Defesa Civil da cidade\u201d, destacou.<\/p>\n\n\n\n<p>Matheus Fampa, de 24 anos, \u00e9 guarda-vidas h\u00e1 quase cinco anos e afirmou que as atividades impactam no dia a dia, trazendo novas informa\u00e7\u00f5es relacionadas \u00e0 sa\u00fade do homem e oferecendo servi\u00e7os que antes s\u00f3 poderiam ser acessados nas unidades.<\/p>\n\n\n\n<p>\u201c\u00c9 muito interessante ter esses servi\u00e7os e orienta\u00e7\u00f5es t\u00e3o pr\u00f3ximos, trazendo praticidade, acesso \u00e0 informa\u00e7\u00e3o e cuidados importantes. Em rela\u00e7\u00e3o \u00e0s ISTs, muitas vezes n\u00e3o estamos atentos, por isso a a\u00e7\u00e3o traz facilidades e \u00e9 uma esp\u00e9cie de checagem para sabermos se continuamos saud\u00e1veis, tratando o quanto antes se identificados problemas. Trabalhamos em condi\u00e7\u00f5es que exigem aten\u00e7\u00e3o, logo precisamos adotar essa rotina de cuidados com a nossa sa\u00fade, o que faz a diferen\u00e7a\u201d, destacou.<\/p>\n\n\n\n<p>Pedro Barros, de 22 anos, come\u00e7ou a atuar recentemente como guarda-vida e lembrou a import\u00e2ncia de ter acesso a cuidados essenciais de forma pr\u00e1tica e r\u00e1pida, o que faz a diferen\u00e7a para o seu cotidiano de trabalho.<\/p>\n\n\n\n<p>\u201c\u00c9 muito bacana poder participar dessa a\u00e7\u00e3o, verificando se est\u00e1 tudo certo com a nossa sa\u00fade e \u00e9 bom mantermos sempre esse cuidado. Com isso, identificamos altera\u00e7\u00f5es que possam existir com mais rapidez, sem precisar de grandes deslocamentos, algo excelente\u201d, concluiu.<\/p>\n","protected":false},"excerpt":{"rendered":"<p>A Prefeitura de Maric\u00e1, por meio da Secretaria de Sa\u00fade, realizou na ter\u00e7a e quarta-feira (22 e 23\/11) uma a\u00e7\u00e3o<\/p>\n","protected":false},"author":1,"featured_media":45740,"comment_status":"open","ping_status":"open","sticky":false,"template":"","format":"standard","meta":{"colormag_page_container_layout":"default_layout","colormag_page_sidebar_layout":"default_layout","footnotes":""},"categories":[18],"tags":[],"class_list":["post-45738","post","type-post","status-publish","format-standard","has-post-thumbnail","hentry","category-entretenimento"],"amp_enabled":true,"_links":{"self":[{"href":"https:\/\/maricatotal.com.br\/site\/wp-json\/wp\/v2\/posts\/45738","targetHints":{"allow":["GET"]}}],"collection":[{"href":"https:\/\/maricatotal.com.br\/site\/wp-json\/wp\/v2\/posts"}],"about":[{"href":"https:\/\/maricatotal.com.br\/site\/wp-json\/wp\/v2\/types\/post"}],"author":[{"embeddable":true,"href":"https:\/\/maricatotal.com.br\/site\/wp-json\/wp\/v2\/users\/1"}],"replies":[{"embeddable":true,"href":"https:\/\/maricatotal.com.br\/site\/wp-json\/wp\/v2\/comments?post=45738"}],"version-history":[{"count":1,"href":"https:\/\/maricatotal.com.br\/site\/wp-json\/wp\/v2\/posts\/45738\/revisions"}],"predecessor-version":[{"id":45741,"href":"https:\/\/maricatotal.com.br\/site\/wp-json\/wp\/v2\/posts\/45738\/revisions\/45741"}],"wp:featuredmedia":[{"embeddable":true,"href":"https:\/\/maricatotal.com.br\/site\/wp-json\/wp\/v2\/media\/45740"}],"wp:attachment":[{"href":"https:\/\/maricatotal.com.br\/site\/wp-json\/wp\/v2\/media?parent=45738"}],"wp:term":[{"taxonomy":"category","embeddable":true,"href":"https:\/\/maricatotal.com.br\/site\/wp-json\/wp\/v2\/categories?post=45738"},{"taxonomy":"post_tag","embeddable":true,"href":"https:\/\/maricatotal.com.br\/site\/wp-json\/wp\/v2\/tags?post=45738"}],"curies":[{"name":"wp","href":"https:\/\/api.w.org\/{rel}","templated":true}]}}