{"id":45743,"date":"2022-11-24T07:31:23","date_gmt":"2022-11-24T10:31:23","guid":{"rendered":"https:\/\/maricatotal.com.br\/site\/?p=45743"},"modified":"2022-11-30T09:32:53","modified_gmt":"2022-11-30T12:32:53","slug":"aeroporto-de-marica-tera-uso-obrigatorio-de-mascaras-de-protecao-facial-apos-determinacao-da-anvisa","status":"publish","type":"post","link":"https:\/\/maricatotal.com.br\/site\/2022\/11\/24\/aeroporto-de-marica-tera-uso-obrigatorio-de-mascaras-de-protecao-facial-apos-determinacao-da-anvisa\/","title":{"rendered":"Aeroporto de Maric\u00e1 ter\u00e1 uso obrigat\u00f3rio de m\u00e1scaras de prote\u00e7\u00e3o facial ap\u00f3s determina\u00e7\u00e3o da Anvisa"},"content":{"rendered":"\n<p>A Ag\u00eancia Nacional de Vigil\u00e2ncia Sanit\u00e1ria (Anvisa) determinou a volta do uso obrigat\u00f3rio de m\u00e1scaras de prote\u00e7\u00e3o facial em avi\u00f5es e aeroportos nacionais. A decis\u00e3o foi divulgada ap\u00f3s reuni\u00e3o extraordin\u00e1ria realizada na noite de ter\u00e7a-feira (22\/11) e a medida entra em vigor a partir de sexta-feira (25\/11). Com isso, volta a obrigatoriedade do acess\u00f3rio em todas as depend\u00eancias do Aeroporto de Maric\u00e1 (SBMI), administrado pela Companhia de Desenvolvimento de Maric\u00e1 (Codemar).<\/p>\n\n\n\n<p>A exig\u00eancia, aplicada tr\u00eas meses ap\u00f3s o fim da obrigatoriedade nos aeroportos, \u00e9 devido ao aumento dos n\u00fameros de casos de covid-19 nas \u00faltimas semanas em todo o pa\u00eds e ao surgimento de uma nova variante do coronav\u00edrus.<\/p>\n\n\n\n<p>Para a diretora de Opera\u00e7\u00f5es do Aeroporto de Maric\u00e1, Marta Magge, a m\u00e1scara \u00e9 uma medida eficaz de prote\u00e7\u00e3o nesse processo de transi\u00e7\u00e3o entre as variantes. A continuidade da obrigatoriedade em aeroportos e aeronaves \u00e9 justamente a \u00e2ncora para evitar uma a\u00e7\u00e3o mais restritiva, como fechamento de aeroportos, como aconteceu no in\u00edcio da pandemia.<\/p>\n\n\n\n<p>\u201cA Codemar e o Aeroporto de Maric\u00e1, assim como as empresas a\u00e9reas que circulam pelo SBMI, t\u00eam a preocupa\u00e7\u00e3o permanente com a seguran\u00e7a sanit\u00e1ria dos passageiros e funcion\u00e1rios, representando um ato de cidadania e de prote\u00e7\u00e3o \u00e0 coletividade, que objetiva mitigar o risco de transmiss\u00e3o da covid-19\u201d, pontua Marta.<\/p>\n\n\n\n<p><strong>Resolu\u00e7\u00e3o aprovada pela diretoria colegiada da Anvisa<\/strong><\/p>\n\n\n\n<p>Com as novas regras, o uso de m\u00e1scara \u00e9 obrigat\u00f3rio nos terminais de passageiros, al\u00e9m de aeronaves e outros estabelecimentos localizados nessas \u00e1reas, incluindo os meios de transporte, sendo somente permitida a remo\u00e7\u00e3o do acess\u00f3rio para hidrata\u00e7\u00e3o e alimenta\u00e7\u00e3o. As m\u00e1scaras devem estar ajustadas ao rosto, cobrindo o nariz, queixo e boca, minimizando espa\u00e7os que permitam a entrada ou sa\u00edda do ar e de got\u00edculas respirat\u00f3rias, exceto para pessoas com transtorno do espectro autista, defici\u00eancia intelectual, defici\u00eancias sensoriais ou com quaisquer outras defici\u00eancias que as impe\u00e7am de fazer o uso adequado da prote\u00e7\u00e3o.<\/p>\n\n\n\n<p>A norma, no entanto, pro\u00edbe, o uso isolado (ou seja, sem a utiliza\u00e7\u00e3o da m\u00e1scara) do face shield; o uso de m\u00e1scaras de acr\u00edlico ou de pl\u00e1stico ou que possuem v\u00e1lvulas de expira\u00e7\u00e3o, como as N95 e PFF2; o uso de len\u00e7os, bandanas de pano ou qualquer outro material que n\u00e3o seja caracterizado como m\u00e1scara de prote\u00e7\u00e3o de uso profissional ou de uso n\u00e3o profissional e o uso de m\u00e1scaras de prote\u00e7\u00e3o n\u00e3o profissionais confeccionadas com apenas uma camada de prote\u00e7\u00e3o.<\/p>\n","protected":false},"excerpt":{"rendered":"<p>A Ag\u00eancia Nacional de Vigil\u00e2ncia Sanit\u00e1ria (Anvisa) determinou a volta do uso obrigat\u00f3rio de m\u00e1scaras de prote\u00e7\u00e3o facial em avi\u00f5es<\/p>\n","protected":false},"author":1,"featured_media":45745,"comment_status":"open","ping_status":"open","sticky":false,"template":"","format":"standard","meta":{"colormag_page_container_layout":"default_layout","colormag_page_sidebar_layout":"default_layout","footnotes":""},"categories":[17],"tags":[],"class_list":["post-45743","post","type-post","status-publish","format-standard","has-post-thumbnail","hentry","category-politica"],"amp_enabled":true,"_links":{"self":[{"href":"https:\/\/maricatotal.com.br\/site\/wp-json\/wp\/v2\/posts\/45743","targetHints":{"allow":["GET"]}}],"collection":[{"href":"https:\/\/maricatotal.com.br\/site\/wp-json\/wp\/v2\/posts"}],"about":[{"href":"https:\/\/maricatotal.com.br\/site\/wp-json\/wp\/v2\/types\/post"}],"author":[{"embeddable":true,"href":"https:\/\/maricatotal.com.br\/site\/wp-json\/wp\/v2\/users\/1"}],"replies":[{"embeddable":true,"href":"https:\/\/maricatotal.com.br\/site\/wp-json\/wp\/v2\/comments?post=45743"}],"version-history":[{"count":1,"href":"https:\/\/maricatotal.com.br\/site\/wp-json\/wp\/v2\/posts\/45743\/revisions"}],"predecessor-version":[{"id":45746,"href":"https:\/\/maricatotal.com.br\/site\/wp-json\/wp\/v2\/posts\/45743\/revisions\/45746"}],"wp:featuredmedia":[{"embeddable":true,"href":"https:\/\/maricatotal.com.br\/site\/wp-json\/wp\/v2\/media\/45745"}],"wp:attachment":[{"href":"https:\/\/maricatotal.com.br\/site\/wp-json\/wp\/v2\/media?parent=45743"}],"wp:term":[{"taxonomy":"category","embeddable":true,"href":"https:\/\/maricatotal.com.br\/site\/wp-json\/wp\/v2\/categories?post=45743"},{"taxonomy":"post_tag","embeddable":true,"href":"https:\/\/maricatotal.com.br\/site\/wp-json\/wp\/v2\/tags?post=45743"}],"curies":[{"name":"wp","href":"https:\/\/api.w.org\/{rel}","templated":true}]}}