{"id":45748,"date":"2022-11-24T07:42:28","date_gmt":"2022-11-24T10:42:28","guid":{"rendered":"https:\/\/maricatotal.com.br\/site\/?p=45748"},"modified":"2022-11-30T09:32:58","modified_gmt":"2022-11-30T12:32:58","slug":"congresso-de-economia-solidaria-reune-autoridades-do-brasil-e-do-mundo-no-banco-mumbuca","status":"publish","type":"post","link":"https:\/\/maricatotal.com.br\/site\/2022\/11\/24\/congresso-de-economia-solidaria-reune-autoridades-do-brasil-e-do-mundo-no-banco-mumbuca\/","title":{"rendered":"Congresso de Economia Solid\u00e1ria re\u00fane autoridades do Brasil e do mundo no Banco Mumbuca"},"content":{"rendered":"\n<p>O Banco Mumbuca recebeu nesta quarta-feira (23\/11) o primeiro dia do 2\u00ba Congresso de Gestores, Articuladores e Pesquisadores de Economia Solid\u00e1ria (Egapes), que tem como tema principal \u201cA Economia Solid\u00e1ria como Base do Desenvolvimento Socioecon\u00f4mico\u201d. O evento re\u00fane palestrantes e estudiosos do assunto vindos de diferentes partes do pa\u00eds e tamb\u00e9m do exterior para debaterem os desafios, a constru\u00e7\u00e3o de alternativas para as crises e as iniciativas voltadas na \u00e1rea da economia solid\u00e1ria, entre elas a renda b\u00e1sica e a cria\u00e7\u00e3o de uma moeda social, j\u00e1 adotadas em Maric\u00e1.<\/p>\n\n\n\n<p>Na abertura do congresso, que tem apoio da Prefeitura de Maric\u00e1, por meio da Secretaria de Economia Solid\u00e1ria, a diretora-presidente do Banco Mumbuca, Manoela Mello, falou sobre o trabalho desenvolvido em Maric\u00e1 na busca por uma distribui\u00e7\u00e3o de renda mais justa. Ela tamb\u00e9m destacou que o evento reafirma o protagonismo da cidade no setor.<\/p>\n\n\n\n<p>\u201cEsse congresso \u00e9 uma reafirma\u00e7\u00e3o dessa condi\u00e7\u00e3o da cidade. A Mumbuca \u00e9 hoje um reflexo de uma experi\u00eancia de inclus\u00e3o que deu muito certo, tanto que estamos recebendo gente do mundo todo hoje. Al\u00e9m disso, estamos sempre de olho em novas experi\u00eancias que possam agregar benef\u00edcios \u00e0 popula\u00e7\u00e3o\u201d, refor\u00e7ou Manoela.<\/p>\n\n\n\n<p>A primeira mesa de debates teve a participa\u00e7\u00e3o do professor Juan Marcelo Torrano, da Universidade Nacional de La Plata, na Argentina, e da pesquisadora Helo\u00edsa Primavera, da Rede Latino-Americana de Economia Solid\u00e1ria, que mostrou uma linha do tempo de iniciativas do setor nas Am\u00e9ricas desde a d\u00e9cada de 1970. Ela falou ainda sobre moedas sociais que funcionam em pa\u00edses como Argentina (o Par), Chile (o P\u00e9talo), Col\u00f4mbia (a Luna), Equador (o Muyu) e o Uruguai (o Sol).<\/p>\n\n\n\n<p>\u201cAlgumas dessas experi\u00eancias come\u00e7aram mesmo quando alguns desses pa\u00edses ainda viviam sob ditaduras militares violentas. \u00c9 preciso sempre fazer as iniciativas acontecerem na ponta, onde est\u00e3o as pessoas que precisam, e n\u00e3o apenas mant\u00ea-las na academia ou nas discuss\u00f5es pol\u00edticas\u201d, ressaltou Helo\u00edsa Primavera.<\/p>\n\n\n\n<p>Entre os participantes estavam ainda representantes de munic\u00edpios como Pedro Can\u00e1rio, que tem 26 mil habitantes e fica no norte do Esp\u00edrito Santo. De l\u00e1 vieram o vice-prefeito Kleilson Resende e o secret\u00e1rio de Planejamento, Everton Riazor. Segundo eles, uma moeda social semelhante \u00e0 Mumbuca seria um grande impulso para a economia local.<\/p>\n\n\n\n<p>\u201cO potencial de nossa cidade \u00e9 grande e a moeda pode ser um motor da economia. Vimos exemplos aqui tamb\u00e9m de agroecologia muito inspiradores aqui\u201d, revelou o vice-prefeito, ao que o secret\u00e1rio refor\u00e7ou: \u201cQueremos fazer com que o morador de l\u00e1 impulsione o com\u00e9rcio local e deixe de sair do munic\u00edpio para fazer suas compras, como acontece hoje\u201d.<\/p>\n\n\n\n<p>Para o secret\u00e1rio de Economia Solid\u00e1ria de Maric\u00e1, Adalton Mendon\u00e7a, esse interesse provado com a presen\u00e7a de tanta gente de fora no congresso comprova que a cidade est\u00e1 no centro do debate no setor. \u201c\u00c9 muito enriquecedor receber essas pessoas para debater a economia solid\u00e1ria a partir da nossa experi\u00eancia, gente de todo o Brasil, do cone sul e at\u00e9 da Am\u00e9rica do Norte. S\u00e3o quase dez anos de um trabalho lento que d\u00e1 seus frutos agora\u201d, avaliou.<\/p>\n\n\n\n<p>Em raz\u00e3o do jogo de estreia da sele\u00e7\u00e3o brasileira na Copa do Mundo do Catar, a programa\u00e7\u00e3o do 2\u00ba Egapes ser\u00e1 inteiramente online nesta quinta-feira (24\/11), podendo ser assistida pelo canal do Banco Mumbuca no YouTube. Na sexta (25\/11), o evento retorna ao audit\u00f3rio com as demais mesas, sendo uma delas com a presen\u00e7a do Eduardo Suplicy, rec\u00e9m-eleito deputado estadual em S\u00e3o Paulo e autor da lei da Renda B\u00e1sica da Cidadania, em 2004, quando era senador. Toda a programa\u00e7\u00e3o do congresso est\u00e1 dispon\u00edvel no site<a href=\"https:\/\/www.egapes.bancomumbuca.com.br\/\">https:\/\/www.egapes.bancomumbuca.com<\/a>.<\/p>\n","protected":false},"excerpt":{"rendered":"<p>O Banco Mumbuca recebeu nesta quarta-feira (23\/11) o primeiro dia do 2\u00ba Congresso de Gestores, Articuladores e Pesquisadores de Economia<\/p>\n","protected":false},"author":1,"featured_media":45750,"comment_status":"open","ping_status":"open","sticky":false,"template":"","format":"standard","meta":{"colormag_page_container_layout":"default_layout","colormag_page_sidebar_layout":"default_layout","footnotes":""},"categories":[18],"tags":[],"class_list":["post-45748","post","type-post","status-publish","format-standard","has-post-thumbnail","hentry","category-entretenimento"],"amp_enabled":true,"_links":{"self":[{"href":"https:\/\/maricatotal.com.br\/site\/wp-json\/wp\/v2\/posts\/45748","targetHints":{"allow":["GET"]}}],"collection":[{"href":"https:\/\/maricatotal.com.br\/site\/wp-json\/wp\/v2\/posts"}],"about":[{"href":"https:\/\/maricatotal.com.br\/site\/wp-json\/wp\/v2\/types\/post"}],"author":[{"embeddable":true,"href":"https:\/\/maricatotal.com.br\/site\/wp-json\/wp\/v2\/users\/1"}],"replies":[{"embeddable":true,"href":"https:\/\/maricatotal.com.br\/site\/wp-json\/wp\/v2\/comments?post=45748"}],"version-history":[{"count":1,"href":"https:\/\/maricatotal.com.br\/site\/wp-json\/wp\/v2\/posts\/45748\/revisions"}],"predecessor-version":[{"id":45751,"href":"https:\/\/maricatotal.com.br\/site\/wp-json\/wp\/v2\/posts\/45748\/revisions\/45751"}],"wp:featuredmedia":[{"embeddable":true,"href":"https:\/\/maricatotal.com.br\/site\/wp-json\/wp\/v2\/media\/45750"}],"wp:attachment":[{"href":"https:\/\/maricatotal.com.br\/site\/wp-json\/wp\/v2\/media?parent=45748"}],"wp:term":[{"taxonomy":"category","embeddable":true,"href":"https:\/\/maricatotal.com.br\/site\/wp-json\/wp\/v2\/categories?post=45748"},{"taxonomy":"post_tag","embeddable":true,"href":"https:\/\/maricatotal.com.br\/site\/wp-json\/wp\/v2\/tags?post=45748"}],"curies":[{"name":"wp","href":"https:\/\/api.w.org\/{rel}","templated":true}]}}