{"id":46054,"date":"2022-12-01T11:47:31","date_gmt":"2022-12-01T14:47:31","guid":{"rendered":"https:\/\/maricatotal.com.br\/site\/?p=46054"},"modified":"2022-12-01T11:47:32","modified_gmt":"2022-12-01T14:47:32","slug":"vereador-robgol-propoe-indicacao-ao-poder-executivo-para-implantacao-da-casa-rosa-da-mulher-em-marica","status":"publish","type":"post","link":"https:\/\/maricatotal.com.br\/site\/2022\/12\/01\/vereador-robgol-propoe-indicacao-ao-poder-executivo-para-implantacao-da-casa-rosa-da-mulher-em-marica\/","title":{"rendered":"Vereador Robgol prop\u00f5e indica\u00e7\u00e3o ao Poder Executivo para implanta\u00e7\u00e3o da\u00a0Casa Rosa da Mulher em Maric\u00e1\u00a0"},"content":{"rendered":"\n<p>O vereador Robgol prop\u00f4s uma indica\u00e7\u00e3o ao Poder Executivo para a implementa\u00e7\u00e3o de uma Casa Rosa da Mulher em Maric\u00e1, na Sess\u00e3o Ordin\u00e1ria desta quarta-feira (30)<\/p>\n\n\n\n<p>De acordo com a indica\u00e7\u00e3o, a &#8220;Casa Rosa da Mulher&#8221; ter\u00e1 atendimento a mulheres com disponibiliza\u00e7\u00e3o de ginecologistas, exame de imagens, bem como outros exames espec\u00edficos, al\u00e9m de servir como apoio para mulheres e orienta\u00e7\u00f5es sobre seus direitos.<\/p>\n\n\n\n<p>A Casa Rosa tem como fun\u00e7\u00e3o integrar no mesmo espa\u00e7o diversos servi\u00e7os especializados para o atendimento mais espec\u00edfico a mulher e, vale lembrar que no munic\u00edpio de Maric\u00e1 ainda n\u00e3o temos um espa\u00e7o como este e, a sua cria\u00e7\u00e3o \u00e9 de suma import\u00e2ncia tendo em vista o crescimento populacional que a cidade de Maric\u00e1 hoje vive.<\/p>\n\n\n\n<p>\u201cCuidar da sa\u00fade da mulher \u00e9 essencial para a preven\u00e7\u00e3o, o diagn\u00f3stico precoce e o tratamento de doen\u00e7as que est\u00e3o relacionadas \u00e0 anatomia feminina \u00e9 de suma import\u00e2ncia. A id\u00e9ia \u00e9 que a Casa Rosa proporcione um ambiente integrado, onde \u00e9 poss\u00edvel passar por consulta, exames e bi\u00f3psia em um \u00fanico dia, com a mesma agilidade e efici\u00eancia da rede particular de sa\u00fade. Garantindo que doen\u00e7as sejam diagnosticadas precocemente e o tratamento possa ser mais eficaz e assertivo.\u201d Disse o Vereador<\/p>\n\n\n\n<p>Ap\u00f3s lida em plen\u00e1rio, a indica\u00e7\u00e3o foi enviada por meio de of\u00edcio ao prefeito municipal.<\/p>\n","protected":false},"excerpt":{"rendered":"<p>O vereador Robgol prop\u00f4s uma indica\u00e7\u00e3o ao Poder Executivo para a implementa\u00e7\u00e3o de uma Casa Rosa da Mulher em Maric\u00e1,<\/p>\n","protected":false},"author":1,"featured_media":46055,"comment_status":"open","ping_status":"open","sticky":false,"template":"","format":"standard","meta":{"colormag_page_container_layout":"default_layout","colormag_page_sidebar_layout":"default_layout","footnotes":""},"categories":[17],"tags":[],"class_list":["post-46054","post","type-post","status-publish","format-standard","has-post-thumbnail","hentry","category-politica"],"amp_enabled":true,"_links":{"self":[{"href":"https:\/\/maricatotal.com.br\/site\/wp-json\/wp\/v2\/posts\/46054","targetHints":{"allow":["GET"]}}],"collection":[{"href":"https:\/\/maricatotal.com.br\/site\/wp-json\/wp\/v2\/posts"}],"about":[{"href":"https:\/\/maricatotal.com.br\/site\/wp-json\/wp\/v2\/types\/post"}],"author":[{"embeddable":true,"href":"https:\/\/maricatotal.com.br\/site\/wp-json\/wp\/v2\/users\/1"}],"replies":[{"embeddable":true,"href":"https:\/\/maricatotal.com.br\/site\/wp-json\/wp\/v2\/comments?post=46054"}],"version-history":[{"count":1,"href":"https:\/\/maricatotal.com.br\/site\/wp-json\/wp\/v2\/posts\/46054\/revisions"}],"predecessor-version":[{"id":46057,"href":"https:\/\/maricatotal.com.br\/site\/wp-json\/wp\/v2\/posts\/46054\/revisions\/46057"}],"wp:featuredmedia":[{"embeddable":true,"href":"https:\/\/maricatotal.com.br\/site\/wp-json\/wp\/v2\/media\/46055"}],"wp:attachment":[{"href":"https:\/\/maricatotal.com.br\/site\/wp-json\/wp\/v2\/media?parent=46054"}],"wp:term":[{"taxonomy":"category","embeddable":true,"href":"https:\/\/maricatotal.com.br\/site\/wp-json\/wp\/v2\/categories?post=46054"},{"taxonomy":"post_tag","embeddable":true,"href":"https:\/\/maricatotal.com.br\/site\/wp-json\/wp\/v2\/tags?post=46054"}],"curies":[{"name":"wp","href":"https:\/\/api.w.org\/{rel}","templated":true}]}}