{"id":46208,"date":"2022-12-06T09:55:38","date_gmt":"2022-12-06T12:55:38","guid":{"rendered":"https:\/\/maricatotal.com.br\/site\/?p=46208"},"modified":"2022-12-06T09:55:38","modified_gmt":"2022-12-06T12:55:38","slug":"espraiado-de-portas-abertas-recebe-maricaenses-e-turistas-em-sua-ultima-edicao-em-2022","status":"publish","type":"post","link":"https:\/\/maricatotal.com.br\/site\/2022\/12\/06\/espraiado-de-portas-abertas-recebe-maricaenses-e-turistas-em-sua-ultima-edicao-em-2022\/","title":{"rendered":"Espraiado de Portas Abertas recebe maricaenses e turistas em sua \u00faltima edi\u00e7\u00e3o em 2022"},"content":{"rendered":"\n<p>Moradores de todas as regi\u00f5es de Maric\u00e1 e de munic\u00edpios vizinhos prestigiaram neste domingo (04\/12) a \u00faltima edi\u00e7\u00e3o de 2022 do Espraiado de Portas Abertas, evento de turismo que movimenta o bairro da \u00e1rea rural da cidade, com op\u00e7\u00f5es de cultura, gastronomia, compras e passeios. Atrelado \u00e0 \u00e9poca, o tema desta edi\u00e7\u00e3o foi o Natal Rural M\u00e1gico, tendo o pernil \u00e0 moda da ro\u00e7a como estrela dos card\u00e1pios de bares e restaurantes participantes. A realiza\u00e7\u00e3o \u00e9 da Secretaria de Turismo, com o apoio da Codemar (Companhia de Desenvolvimento de Maric\u00e1) e das secretarias de Promo\u00e7\u00f5es e Projetos Especiais e Agricultura, Pecu\u00e1ria e Pesca.<\/p>\n\n\n\n<p>Na Fazenda P\u00fablica Joaquin Pi\u00f1ero, os visitantes encontraram as feiras de agricultura familiar e de artesanato, al\u00e9m de op\u00e7\u00f5es de recrea\u00e7\u00e3o para as crian\u00e7as, enquanto os estabelecimentos da Estrada do Espraiado abrigaram shows de 19 artistas locais. O aposentado Odair Lu\u00eds, que mora em Guaratiba, contou ser frequentador ass\u00edduo do Espraiado de Portas Abertas. \u201cDestaco a tranquilidade do local e a sensa\u00e7\u00e3o de seguran\u00e7a. Estar aqui \u00e9 sempre muito agrad\u00e1vel, podemos curtir os shows, almo\u00e7ar e aproveitar o clima de paz\u201d, elogiou ele.<\/p>\n\n\n\n<p>Elza Machado tem uma barraca de artesanato \u2013 atividade que iniciou durante a pandemia de Covid-19 \u2013 e estava pela segunda vez no evento, em frente \u00e0 capela de S\u00e3o Jo\u00e3o Batista, na Estrada do Espraiado. A moradora de Bambu\u00ed se disse satisfeita com a oportunidade de levar seu trabalho ao p\u00fablico que frequenta o local. \u201cFico muito feliz de poder participar desse evento, num lugar t\u00e3o bonito. Vale a pena vir conhecer e o movimento \u00e9 sempre bom para quem est\u00e1 trabalhando, como eu\u201d, afirmou a artes\u00e3.<\/p>\n\n\n\n<p>No restaurante Varand\u00e3o do Melo, Ant\u00f4nio dos Anjos aproveitou sua primeira visita ao evento para reunir a fam\u00edlia em torno da mesa farta. \u201cResolvemos vir hoje conhecer esse evento, do qual sempre ouvimos falar. E n\u00e3o me arrependo, pois estamos num lugar agrad\u00e1vel, verdadeiro para\u00edso, com m\u00fasica e boa comida\u201d, festejou ele, morador do Flamengo.<\/p>\n","protected":false},"excerpt":{"rendered":"<p>Moradores de todas as regi\u00f5es de Maric\u00e1 e de munic\u00edpios vizinhos prestigiaram neste domingo (04\/12) a \u00faltima edi\u00e7\u00e3o de 2022<\/p>\n","protected":false},"author":1,"featured_media":46209,"comment_status":"open","ping_status":"open","sticky":false,"template":"","format":"standard","meta":{"colormag_page_container_layout":"default_layout","colormag_page_sidebar_layout":"default_layout","footnotes":""},"categories":[18],"tags":[],"class_list":["post-46208","post","type-post","status-publish","format-standard","has-post-thumbnail","hentry","category-entretenimento"],"amp_enabled":true,"_links":{"self":[{"href":"https:\/\/maricatotal.com.br\/site\/wp-json\/wp\/v2\/posts\/46208","targetHints":{"allow":["GET"]}}],"collection":[{"href":"https:\/\/maricatotal.com.br\/site\/wp-json\/wp\/v2\/posts"}],"about":[{"href":"https:\/\/maricatotal.com.br\/site\/wp-json\/wp\/v2\/types\/post"}],"author":[{"embeddable":true,"href":"https:\/\/maricatotal.com.br\/site\/wp-json\/wp\/v2\/users\/1"}],"replies":[{"embeddable":true,"href":"https:\/\/maricatotal.com.br\/site\/wp-json\/wp\/v2\/comments?post=46208"}],"version-history":[{"count":1,"href":"https:\/\/maricatotal.com.br\/site\/wp-json\/wp\/v2\/posts\/46208\/revisions"}],"predecessor-version":[{"id":46210,"href":"https:\/\/maricatotal.com.br\/site\/wp-json\/wp\/v2\/posts\/46208\/revisions\/46210"}],"wp:featuredmedia":[{"embeddable":true,"href":"https:\/\/maricatotal.com.br\/site\/wp-json\/wp\/v2\/media\/46209"}],"wp:attachment":[{"href":"https:\/\/maricatotal.com.br\/site\/wp-json\/wp\/v2\/media?parent=46208"}],"wp:term":[{"taxonomy":"category","embeddable":true,"href":"https:\/\/maricatotal.com.br\/site\/wp-json\/wp\/v2\/categories?post=46208"},{"taxonomy":"post_tag","embeddable":true,"href":"https:\/\/maricatotal.com.br\/site\/wp-json\/wp\/v2\/tags?post=46208"}],"curies":[{"name":"wp","href":"https:\/\/api.w.org\/{rel}","templated":true}]}}