{"id":4627,"date":"2019-11-12T08:39:13","date_gmt":"2019-11-12T11:39:13","guid":{"rendered":"http:\/\/maricatotal.com.br\/site\/?p=4627"},"modified":"2019-11-12T08:39:15","modified_gmt":"2019-11-12T11:39:15","slug":"arte-na-areia-da-orla-de-aracatiba-encanta-moradores","status":"publish","type":"post","link":"https:\/\/maricatotal.com.br\/site\/2019\/11\/12\/arte-na-areia-da-orla-de-aracatiba-encanta-moradores\/","title":{"rendered":"ARTE NA AREIA DA ORLA DE ARA\u00c7ATIBA ENCANTA MORADORES"},"content":{"rendered":"\n<figure class=\"wp-block-image\"><img loading=\"lazy\" decoding=\"async\" width=\"1024\" height=\"683\" src=\"http:\/\/maricatotal.com.br\/site\/wp-content\/uploads\/2019\/11\/2019_11_11_Esculturas_Areia_Natal_Iluminado-CLARILDO-3812-1024x683.jpg\" alt=\"\" class=\"wp-image-4628\" srcset=\"https:\/\/maricatotal.com.br\/site\/wp-content\/uploads\/2019\/11\/2019_11_11_Esculturas_Areia_Natal_Iluminado-CLARILDO-3812-1024x683.jpg 1024w, https:\/\/maricatotal.com.br\/site\/wp-content\/uploads\/2019\/11\/2019_11_11_Esculturas_Areia_Natal_Iluminado-CLARILDO-3812-300x200.jpg 300w, https:\/\/maricatotal.com.br\/site\/wp-content\/uploads\/2019\/11\/2019_11_11_Esculturas_Areia_Natal_Iluminado-CLARILDO-3812-768x512.jpg 768w, https:\/\/maricatotal.com.br\/site\/wp-content\/uploads\/2019\/11\/2019_11_11_Esculturas_Areia_Natal_Iluminado-CLARILDO-3812.jpg 1200w\" sizes=\"auto, (max-width: 1024px) 100vw, 1024px\" \/><\/figure>\n\n\n\n<p>Falta pouco para o in\u00edcio do Natal Iluminado em Maric\u00e1. A orla da lagoa de Ara\u00e7atiba vai ganhar mais duas esculturas para o evento deste ano. As esculturas, uma do Papai Noel e outra com motivos natalinos, que ficar\u00e3o prontas no dia 13\/11, ir\u00e3o compor o cen\u00e1rio do local. O evento tem abertura oficial dia 15\/11, mas j\u00e1 \u00e9 poss\u00edvel ver tudo quase pronto. O trabalho tem o apoio da Prefeitura, atrav\u00e9s da Secretaria de Turismo.<\/p>\n\n\n\n<p>\u201cComecei a fazer esse trabalho h\u00e1 dois anos, junto com o Rogean, que j\u00e1 est\u00e1 h\u00e1 mais de 20 anos construindo esculturas nas areias do Brasil. At\u00e9 quarta-feira, dia 13\/11, vamos ter terminado tudo\u201d, explicou Douglas Waltort, o Boquinha, um dos respons\u00e1veis pelas esculturas de areia.<\/p>\n\n\n\n<p>\u201cRapaz, isso aqui \u00e9 tudo novidade, at\u00e9 para mim. Qualquer pessoa que passa aqui pergunta sobre a areia, como fica durinha, qual produto a gente usa. Eu acho \u00e9 que ningu\u00e9m esperava ter isso aqui, e a Prefeitura surpreendeu trazendo essa arte para c\u00e1. Deu uma guinada no turismo daqui\u201d, completou boquinha.<\/p>\n\n\n\n<p>Para o estudante Felipe de Souza, de 24 anos, as pe\u00e7as s\u00e3o uma forma de valorizar o turismo local. \u201cS\u00e3o lindas as esculturas, elas chamam mais pessoas para a cidade, todo mundo quer ver. Meus amigos gostam de vir para Ara\u00e7atiba direto, ainda mais com essas belezas a\u00ed, eles v\u00e3o \u00e9 querer morar aqui\u201d, disse.<\/p>\n\n\n\n<p>O gerente comercial Rainero de Souza, de 27 anos, \u00e9 apaixonado por Maric\u00e1. Ele conta que mora h\u00e1 dois anos na cidade e j\u00e1 tinha visto o Natal da cidade no ano passado, mas que a estrutura desde ano est\u00e1 mais robusta.<\/p>\n\n\n\n<p>\u201cTeve um crescimento r\u00e1pido aqui. Com certeza atrai pessoas de fora, principalmente de S\u00e3o Gon\u00e7alo, eu e minha esposa viemos para c\u00e1 e ficamos. Essas estruturas de areia s\u00f3 refor\u00e7am a beleza aqui de Ara\u00e7atiba\u201d, explicou.<\/p>\n\n\n\n<p>A arte esculpida na areia ficar\u00e1 permanente na orla da lagoa de Ara\u00e7atiba, mas a ornamenta\u00e7\u00e3o de Natal do local permanece at\u00e9 o dia 6 de janeiro de 2020.<\/p>\n\n\n\n<figure class=\"wp-block-image\"><img loading=\"lazy\" decoding=\"async\" width=\"1024\" height=\"683\" src=\"http:\/\/maricatotal.com.br\/site\/wp-content\/uploads\/2019\/11\/2019_11_11_Esculturas_Areia_Natal_Iluminado-CLARILDO-3837-1024x683.jpg\" alt=\"\" class=\"wp-image-4629\" srcset=\"https:\/\/maricatotal.com.br\/site\/wp-content\/uploads\/2019\/11\/2019_11_11_Esculturas_Areia_Natal_Iluminado-CLARILDO-3837-1024x683.jpg 1024w, https:\/\/maricatotal.com.br\/site\/wp-content\/uploads\/2019\/11\/2019_11_11_Esculturas_Areia_Natal_Iluminado-CLARILDO-3837-300x200.jpg 300w, https:\/\/maricatotal.com.br\/site\/wp-content\/uploads\/2019\/11\/2019_11_11_Esculturas_Areia_Natal_Iluminado-CLARILDO-3837-768x512.jpg 768w, https:\/\/maricatotal.com.br\/site\/wp-content\/uploads\/2019\/11\/2019_11_11_Esculturas_Areia_Natal_Iluminado-CLARILDO-3837.jpg 1200w\" sizes=\"auto, (max-width: 1024px) 100vw, 1024px\" \/><\/figure>\n\n\n\n<p><\/p>\n","protected":false},"excerpt":{"rendered":"<p>Falta pouco para o in\u00edcio do Natal Iluminado em Maric\u00e1. A orla da lagoa de Ara\u00e7atiba vai ganhar mais duas<\/p>\n","protected":false},"author":1,"featured_media":0,"comment_status":"open","ping_status":"open","sticky":false,"template":"","format":"standard","meta":{"colormag_page_container_layout":"default_layout","colormag_page_sidebar_layout":"default_layout","footnotes":""},"categories":[18],"tags":[],"class_list":["post-4627","post","type-post","status-publish","format-standard","hentry","category-entretenimento"],"amp_enabled":true,"_links":{"self":[{"href":"https:\/\/maricatotal.com.br\/site\/wp-json\/wp\/v2\/posts\/4627","targetHints":{"allow":["GET"]}}],"collection":[{"href":"https:\/\/maricatotal.com.br\/site\/wp-json\/wp\/v2\/posts"}],"about":[{"href":"https:\/\/maricatotal.com.br\/site\/wp-json\/wp\/v2\/types\/post"}],"author":[{"embeddable":true,"href":"https:\/\/maricatotal.com.br\/site\/wp-json\/wp\/v2\/users\/1"}],"replies":[{"embeddable":true,"href":"https:\/\/maricatotal.com.br\/site\/wp-json\/wp\/v2\/comments?post=4627"}],"version-history":[{"count":0,"href":"https:\/\/maricatotal.com.br\/site\/wp-json\/wp\/v2\/posts\/4627\/revisions"}],"wp:attachment":[{"href":"https:\/\/maricatotal.com.br\/site\/wp-json\/wp\/v2\/media?parent=4627"}],"wp:term":[{"taxonomy":"category","embeddable":true,"href":"https:\/\/maricatotal.com.br\/site\/wp-json\/wp\/v2\/categories?post=4627"},{"taxonomy":"post_tag","embeddable":true,"href":"https:\/\/maricatotal.com.br\/site\/wp-json\/wp\/v2\/tags?post=4627"}],"curies":[{"name":"wp","href":"https:\/\/api.w.org\/{rel}","templated":true}]}}