{"id":46293,"date":"2022-12-07T11:20:39","date_gmt":"2022-12-07T14:20:39","guid":{"rendered":"https:\/\/maricatotal.com.br\/site\/?p=46293"},"modified":"2022-12-07T11:42:27","modified_gmt":"2022-12-07T14:42:27","slug":"pat-sera-prorrogado-ate-marco-de-2023","status":"publish","type":"post","link":"https:\/\/maricatotal.com.br\/site\/2022\/12\/07\/pat-sera-prorrogado-ate-marco-de-2023\/","title":{"rendered":"PAT ser\u00e1 prorrogado at\u00e9 mar\u00e7o de 2023&nbsp;"},"content":{"rendered":"\n<p>O Programa de Amparo ao Trabalhador (PAT) ser\u00e1 prorrogado at\u00e9 mar\u00e7o de 2023. A informa\u00e7\u00e3o foi confirmada pelo prefeito Fabiano Horta.<\/p>\n\n\n\n<p>O pol\u00edtico ainda informou que ap\u00f3s o fim do PAT, ser\u00e1 criado o Programa de Prote\u00e7\u00e3o ao Trabalhador (PPT), que estimular\u00e1 a formaliza\u00e7\u00e3o e garantir\u00e1 mais direitos aos trabalhadores, com meio sal\u00e1rio m\u00ednimo pago em mumbuca mais uma esp\u00e9cie de fundo de garantia, que poder\u00e1 ser sacado.<\/p>\n\n\n\n<p>A Prefeitura de Maric\u00e1 trar\u00e1 mais informa\u00e7\u00f5es em breve sobre o PTT, novo programa social da cidade que ser\u00e1 iniciado no pr\u00f3ximo ano.&nbsp;<\/p>\n\n\n\n<p>O Programa de Amparo ao Trabalhador beneficia mais de 20 mil trabalhadores informais e aut\u00f4nomos da cidade de Maric\u00e1 desde o in\u00edcio da pandemia da Covid-19.&nbsp;<\/p>\n","protected":false},"excerpt":{"rendered":"<p>O Programa de Amparo ao Trabalhador (PAT) ser\u00e1 prorrogado at\u00e9 mar\u00e7o de 2023. A informa\u00e7\u00e3o foi confirmada pelo prefeito Fabiano<\/p>\n","protected":false},"author":1,"featured_media":46294,"comment_status":"open","ping_status":"open","sticky":false,"template":"","format":"standard","meta":{"colormag_page_container_layout":"default_layout","colormag_page_sidebar_layout":"default_layout","footnotes":""},"categories":[17],"tags":[],"class_list":["post-46293","post","type-post","status-publish","format-standard","has-post-thumbnail","hentry","category-politica"],"amp_enabled":true,"_links":{"self":[{"href":"https:\/\/maricatotal.com.br\/site\/wp-json\/wp\/v2\/posts\/46293","targetHints":{"allow":["GET"]}}],"collection":[{"href":"https:\/\/maricatotal.com.br\/site\/wp-json\/wp\/v2\/posts"}],"about":[{"href":"https:\/\/maricatotal.com.br\/site\/wp-json\/wp\/v2\/types\/post"}],"author":[{"embeddable":true,"href":"https:\/\/maricatotal.com.br\/site\/wp-json\/wp\/v2\/users\/1"}],"replies":[{"embeddable":true,"href":"https:\/\/maricatotal.com.br\/site\/wp-json\/wp\/v2\/comments?post=46293"}],"version-history":[{"count":2,"href":"https:\/\/maricatotal.com.br\/site\/wp-json\/wp\/v2\/posts\/46293\/revisions"}],"predecessor-version":[{"id":46304,"href":"https:\/\/maricatotal.com.br\/site\/wp-json\/wp\/v2\/posts\/46293\/revisions\/46304"}],"wp:featuredmedia":[{"embeddable":true,"href":"https:\/\/maricatotal.com.br\/site\/wp-json\/wp\/v2\/media\/46294"}],"wp:attachment":[{"href":"https:\/\/maricatotal.com.br\/site\/wp-json\/wp\/v2\/media?parent=46293"}],"wp:term":[{"taxonomy":"category","embeddable":true,"href":"https:\/\/maricatotal.com.br\/site\/wp-json\/wp\/v2\/categories?post=46293"},{"taxonomy":"post_tag","embeddable":true,"href":"https:\/\/maricatotal.com.br\/site\/wp-json\/wp\/v2\/tags?post=46293"}],"curies":[{"name":"wp","href":"https:\/\/api.w.org\/{rel}","templated":true}]}}