{"id":46309,"date":"2022-12-07T16:07:04","date_gmt":"2022-12-07T19:07:04","guid":{"rendered":"https:\/\/maricatotal.com.br\/site\/?p=46309"},"modified":"2022-12-07T16:07:04","modified_gmt":"2022-12-07T19:07:04","slug":"marica-tem-previsao-de-chuva-fraca-a-moderada-nesta-quarta-feira","status":"publish","type":"post","link":"https:\/\/maricatotal.com.br\/site\/2022\/12\/07\/marica-tem-previsao-de-chuva-fraca-a-moderada-nesta-quarta-feira\/","title":{"rendered":"Maric\u00e1 tem previs\u00e3o de chuva fraca a moderada nesta quarta-feira"},"content":{"rendered":"\n<p>A Prefeitura de Maric\u00e1, por meio da Secretaria de Prote\u00e7\u00e3o e Defesa Civil, informa que o tempo permanecer\u00e1 inst\u00e1vel na cidade com previs\u00e3o de chuva fraca a moderada a partir da tarde desta quarta-feira (07\/12), por causa do deslocamento de um sistema de baixa press\u00e3o sobre o oceano.<\/p>\n\n\n\n<p>O c\u00e9u estar\u00e1 encoberto a parcialmente nublado e os ventos ter\u00e3o intensidade fraca a moderada. A temperatura m\u00ednima prevista \u00e9 de 19\u00b0C e a m\u00e1xima de 28\u00b0C.<\/p>\n\n\n\n<p>Na quinta-feira (08\/12), o c\u00e9u se manter\u00e1 parcialmente nublado, sem previs\u00e3o de chuva significativa. Os ventos ter\u00e3o intensidade fraca a moderada e a temperatura m\u00ednima prevista \u00e9 de 18\u00b0C e a m\u00e1xima de 27\u00b0C.<\/p>\n\n\n\n<p>As equipes da Defesa Civil permanecem de prontid\u00e3o 24 horas no centro operacional e podem ser acionadas pelos telefones 199,&nbsp;<a href=\"tel:2637-1999\">2637-1999<\/a>&nbsp;ou pelo WhatsApp&nbsp;<a href=\"tel:(21) 97000-5782\">(21) 97000-5782<\/a>.<\/p>\n","protected":false},"excerpt":{"rendered":"<p>A Prefeitura de Maric\u00e1, por meio da Secretaria de Prote\u00e7\u00e3o e Defesa Civil, informa que o tempo permanecer\u00e1 inst\u00e1vel na<\/p>\n","protected":false},"author":1,"featured_media":46311,"comment_status":"open","ping_status":"open","sticky":false,"template":"","format":"standard","meta":{"colormag_page_container_layout":"default_layout","colormag_page_sidebar_layout":"default_layout","footnotes":""},"categories":[14],"tags":[],"class_list":["post-46309","post","type-post","status-publish","format-standard","has-post-thumbnail","hentry","category-bairros"],"amp_enabled":true,"_links":{"self":[{"href":"https:\/\/maricatotal.com.br\/site\/wp-json\/wp\/v2\/posts\/46309","targetHints":{"allow":["GET"]}}],"collection":[{"href":"https:\/\/maricatotal.com.br\/site\/wp-json\/wp\/v2\/posts"}],"about":[{"href":"https:\/\/maricatotal.com.br\/site\/wp-json\/wp\/v2\/types\/post"}],"author":[{"embeddable":true,"href":"https:\/\/maricatotal.com.br\/site\/wp-json\/wp\/v2\/users\/1"}],"replies":[{"embeddable":true,"href":"https:\/\/maricatotal.com.br\/site\/wp-json\/wp\/v2\/comments?post=46309"}],"version-history":[{"count":1,"href":"https:\/\/maricatotal.com.br\/site\/wp-json\/wp\/v2\/posts\/46309\/revisions"}],"predecessor-version":[{"id":46312,"href":"https:\/\/maricatotal.com.br\/site\/wp-json\/wp\/v2\/posts\/46309\/revisions\/46312"}],"wp:featuredmedia":[{"embeddable":true,"href":"https:\/\/maricatotal.com.br\/site\/wp-json\/wp\/v2\/media\/46311"}],"wp:attachment":[{"href":"https:\/\/maricatotal.com.br\/site\/wp-json\/wp\/v2\/media?parent=46309"}],"wp:term":[{"taxonomy":"category","embeddable":true,"href":"https:\/\/maricatotal.com.br\/site\/wp-json\/wp\/v2\/categories?post=46309"},{"taxonomy":"post_tag","embeddable":true,"href":"https:\/\/maricatotal.com.br\/site\/wp-json\/wp\/v2\/tags?post=46309"}],"curies":[{"name":"wp","href":"https:\/\/api.w.org\/{rel}","templated":true}]}}