{"id":4631,"date":"2019-11-12T08:46:11","date_gmt":"2019-11-12T11:46:11","guid":{"rendered":"http:\/\/maricatotal.com.br\/site\/?p=4631"},"modified":"2019-11-12T08:46:12","modified_gmt":"2019-11-12T11:46:12","slug":"chuva-diminuiu-mas-rio-permanece-em-estagio-de-atencao","status":"publish","type":"post","link":"https:\/\/maricatotal.com.br\/site\/2019\/11\/12\/chuva-diminuiu-mas-rio-permanece-em-estagio-de-atencao\/","title":{"rendered":"CHUVA DIMINUIU, MAS RIO PERMANECE EM EST\u00c1GIO DE ATEN\u00c7\u00c3O"},"content":{"rendered":"\n<figure class=\"wp-block-image\"><img loading=\"lazy\" decoding=\"async\" width=\"800\" height=\"533\" src=\"http:\/\/maricatotal.com.br\/site\/wp-content\/uploads\/2019\/11\/tmazs_111119edit2432_00075069_0.jpg\" alt=\"\" class=\"wp-image-4632\" srcset=\"https:\/\/maricatotal.com.br\/site\/wp-content\/uploads\/2019\/11\/tmazs_111119edit2432_00075069_0.jpg 800w, https:\/\/maricatotal.com.br\/site\/wp-content\/uploads\/2019\/11\/tmazs_111119edit2432_00075069_0-300x200.jpg 300w, https:\/\/maricatotal.com.br\/site\/wp-content\/uploads\/2019\/11\/tmazs_111119edit2432_00075069_0-768x512.jpg 768w\" sizes=\"auto, (max-width: 800px) 100vw, 800px\" \/><\/figure>\n\n\n\n<p>O munic\u00edpio do Rio de Janeiro\u00a0est\u00e1 em est\u00e1gio de aten\u00e7\u00e3o h\u00e1 mais de 10 horas, devido \u00e0\u00a0chuva forte que atingiu a cidade\u00a0no final da manh\u00e3. O est\u00e1gio de aten\u00e7\u00e3o entrou em vigor \u00e0s 11h50.\u00a0<\/p>\n\n\n\n<p>De acordo com o Alerta Rio, a chuva pode ser forte, em pontos isolados, at\u00e9 o fim da noite. A chuva forte pode vir com ventos moderados a fortes (entre 18,5 km\/h e 76 km\/h). A madrugada, manh\u00e3 e tarde desta ter\u00e7a-feira (12) est\u00e3o com previs\u00e3o de chuva fraca a moderada, diminuindo para apenas chuva fraca, isolada, ao longo do dia. Os ventos, nesta ter\u00e7a, devem ser moderados (entre 18,5 km\/h e 51,9 km\/h).<\/p>\n\n\n\n<p>A Subsecretaria de Prote\u00e7\u00e3o e Defesa Civil informou que, em meia hora, a partir das 11h57, foram acionadas sirenes em sete das 103 comunidades de alto risco geol\u00f3gico monitoradas pelo sistema de alertas sonoros da cidade. Ao todo, 16 sirenes soaram, neste per\u00edodo, nas localidades da Rocinha, Santa Marta, Cabritos e Guararapes, na zona sul, Formiga, na Grande Tijuca, e Santa Alexandrina e Paula Ramos, no Centro.<\/p>\n\n\n\n<p>A Avenida Niemeyer, que est\u00e1 interditada desde maio devido ao temporal que atingiu o Rio naquela \u00e9poca, voltou a ser interdita nesta segunda-feira para os moradores que moram nas comunidades do Vidigal e da Rocinha que, para chegar em casa, t\u00eam de usar a estrada, \u00fanico acesso aos dois morros.<\/p>\n\n\n\n<p>O Aeroporto Santos Dumont ficou interditado durante um per\u00edodo do dia, mas as opera\u00e7\u00f5es de pouso e decolagens foram normalizadas \u00e0 tarde. Devido \u00e0 chuva, 25 voos foram cancelados e mais 25 chegaram com atraso ao Rio.<\/p>\n\n\n\n<p><strong>Limpeza<\/strong><\/p>\n\n\n\n<p>A Companhia Municipal de Limpeza Urbana (Comlurb) est\u00e1 com suas equipes operacionais nas ruas para liberar os pontos de alagamentos na cidade. At\u00e9 as 17h, foram registrados 107 pontos com bols\u00f5es d\u00b4\u00e1gua nas zonas sul, norte, oeste e centro. Foram mobilizados 1.931 garis nessas ocorr\u00eancias.&nbsp;<\/p>\n\n\n\n<p>A Comlurb registrou cinco quedas de \u00e1rvores, sendo que quatro foram removidas e uma depende de apoio da concession\u00e1ria de distribui\u00e7\u00e3o de energia Light para ser finalizada. &nbsp;<\/p>\n\n\n\n<p>A companhia de limpeza pede a colabora\u00e7\u00e3o da popula\u00e7\u00e3o no descarte correto do lixo domiciliar. Em caso de grandes precipita\u00e7\u00f5es, a popula\u00e7\u00e3o deve aguardar o t\u00e9rmino da chuva para colocar o lixo das resid\u00eancias na cal\u00e7ada para a coleta domiciliar. (<strong>Ag\u00eancia Brasil<\/strong>)<\/p>\n","protected":false},"excerpt":{"rendered":"<p>O munic\u00edpio do Rio de Janeiro\u00a0est\u00e1 em est\u00e1gio de aten\u00e7\u00e3o h\u00e1 mais de 10 horas, devido \u00e0\u00a0chuva forte que atingiu<\/p>\n","protected":false},"author":1,"featured_media":0,"comment_status":"open","ping_status":"open","sticky":false,"template":"","format":"standard","meta":{"colormag_page_container_layout":"default_layout","colormag_page_sidebar_layout":"default_layout","footnotes":""},"categories":[14],"tags":[],"class_list":["post-4631","post","type-post","status-publish","format-standard","hentry","category-bairros"],"amp_enabled":true,"_links":{"self":[{"href":"https:\/\/maricatotal.com.br\/site\/wp-json\/wp\/v2\/posts\/4631","targetHints":{"allow":["GET"]}}],"collection":[{"href":"https:\/\/maricatotal.com.br\/site\/wp-json\/wp\/v2\/posts"}],"about":[{"href":"https:\/\/maricatotal.com.br\/site\/wp-json\/wp\/v2\/types\/post"}],"author":[{"embeddable":true,"href":"https:\/\/maricatotal.com.br\/site\/wp-json\/wp\/v2\/users\/1"}],"replies":[{"embeddable":true,"href":"https:\/\/maricatotal.com.br\/site\/wp-json\/wp\/v2\/comments?post=4631"}],"version-history":[{"count":0,"href":"https:\/\/maricatotal.com.br\/site\/wp-json\/wp\/v2\/posts\/4631\/revisions"}],"wp:attachment":[{"href":"https:\/\/maricatotal.com.br\/site\/wp-json\/wp\/v2\/media?parent=4631"}],"wp:term":[{"taxonomy":"category","embeddable":true,"href":"https:\/\/maricatotal.com.br\/site\/wp-json\/wp\/v2\/categories?post=4631"},{"taxonomy":"post_tag","embeddable":true,"href":"https:\/\/maricatotal.com.br\/site\/wp-json\/wp\/v2\/tags?post=4631"}],"curies":[{"name":"wp","href":"https:\/\/api.w.org\/{rel}","templated":true}]}}