{"id":46333,"date":"2022-12-08T08:52:44","date_gmt":"2022-12-08T11:52:44","guid":{"rendered":"https:\/\/maricatotal.com.br\/site\/?p=46333"},"modified":"2022-12-08T08:52:44","modified_gmt":"2022-12-08T11:52:44","slug":"ept-inaugura-mais-duas-estacoes-das-vermelhinhas-no-parque-linear-e-na-orla-do-marine","status":"publish","type":"post","link":"https:\/\/maricatotal.com.br\/site\/2022\/12\/08\/ept-inaugura-mais-duas-estacoes-das-vermelhinhas-no-parque-linear-e-na-orla-do-marine\/","title":{"rendered":"EPT inaugura mais duas esta\u00e7\u00f5es das vermelhinhas no Parque Linear e na Orla do Marine"},"content":{"rendered":"\n<p>A Prefeitura de Maric\u00e1, por meio da Empresa P\u00fablica de Transportes (EPT), realiza nas pr\u00f3ximas semanas, dias 20 e 29\/12, a inaugura\u00e7\u00e3o de mais duas esta\u00e7\u00f5es de bicicletas compartilhadas. A esta\u00e7\u00e3o 21, que ficar\u00e1 no Parque Linear (Flamengo), funcionar\u00e1 a partir do dia 20\/12; j\u00e1 a esta\u00e7\u00e3o 22, instalada na Orla do Marine (S\u00e3o Jos\u00e9 do Imbassa\u00ed), inicia a opera\u00e7\u00e3o a partir do dia 29\/12. Com a iniciativa, a EPT promove a mobilidade urbana com mais sustentabilidade para mais bairros da cidade.<\/p>\n\n\n\n<p>Presidente da empresa, Celso Haddad explica que a inaugura\u00e7\u00e3o das esta\u00e7\u00f5es d\u00e1 in\u00edcio ao complemento da mobilidade urbana sustent\u00e1vel, por meio do modal das bicicletas vermelhinhas, que ser\u00e1 ampliado de forma a contemplar toda a cidade. \u201cEssas duas novas esta\u00e7\u00f5es permitir\u00e3o maior integra\u00e7\u00e3o entre as linhas dos \u00f4nibus vermelhinhos e o maior uso das vermelhinhas que s\u00e3o um modal sustent\u00e1vel, que a cada dia \u00e9 mais usado, para o lazer e para o trabalho di\u00e1rio no nosso munic\u00edpio\u201d, avalia o presidente da EPT.<\/p>\n\n\n\n<p><strong>Vermelhinhas<\/strong><\/p>\n\n\n\n<p>O sistema gratuito de bikes compartilhadas de Maric\u00e1, as famosas \u201cVermelhinhas\u201d, foi inaugurado em mar\u00e7o de 2021. A reserva \u00e9 feita pelo aplicativo \u201cVermelhinhas EPT\u201d, dispon\u00edvel nas plataformas Android e iOS. Ap\u00f3s fazer um cadastro no app, o usu\u00e1rio pode retirar a bicicleta na esta\u00e7\u00e3o mais pr\u00f3xima e depois devolver no mesmo local ou na esta\u00e7\u00e3o de sua prefer\u00eancia, respeitando o tempo de utiliza\u00e7\u00e3o determinado para o dia em curso, que \u00e9 de uma hora de utiliza\u00e7\u00e3o de segunda a sexta-feira e de duas horas no s\u00e1bado e no domingo, com o intervalo, em ambos os casos, de 15 minutos para uma nova reserva.<\/p>\n","protected":false},"excerpt":{"rendered":"<p>A Prefeitura de Maric\u00e1, por meio da Empresa P\u00fablica de Transportes (EPT), realiza nas pr\u00f3ximas semanas, dias 20 e 29\/12,<\/p>\n","protected":false},"author":1,"featured_media":46335,"comment_status":"open","ping_status":"open","sticky":false,"template":"","format":"standard","meta":{"colormag_page_container_layout":"default_layout","colormag_page_sidebar_layout":"default_layout","footnotes":""},"categories":[14,18],"tags":[],"class_list":["post-46333","post","type-post","status-publish","format-standard","has-post-thumbnail","hentry","category-bairros","category-entretenimento"],"amp_enabled":true,"_links":{"self":[{"href":"https:\/\/maricatotal.com.br\/site\/wp-json\/wp\/v2\/posts\/46333","targetHints":{"allow":["GET"]}}],"collection":[{"href":"https:\/\/maricatotal.com.br\/site\/wp-json\/wp\/v2\/posts"}],"about":[{"href":"https:\/\/maricatotal.com.br\/site\/wp-json\/wp\/v2\/types\/post"}],"author":[{"embeddable":true,"href":"https:\/\/maricatotal.com.br\/site\/wp-json\/wp\/v2\/users\/1"}],"replies":[{"embeddable":true,"href":"https:\/\/maricatotal.com.br\/site\/wp-json\/wp\/v2\/comments?post=46333"}],"version-history":[{"count":1,"href":"https:\/\/maricatotal.com.br\/site\/wp-json\/wp\/v2\/posts\/46333\/revisions"}],"predecessor-version":[{"id":46336,"href":"https:\/\/maricatotal.com.br\/site\/wp-json\/wp\/v2\/posts\/46333\/revisions\/46336"}],"wp:featuredmedia":[{"embeddable":true,"href":"https:\/\/maricatotal.com.br\/site\/wp-json\/wp\/v2\/media\/46335"}],"wp:attachment":[{"href":"https:\/\/maricatotal.com.br\/site\/wp-json\/wp\/v2\/media?parent=46333"}],"wp:term":[{"taxonomy":"category","embeddable":true,"href":"https:\/\/maricatotal.com.br\/site\/wp-json\/wp\/v2\/categories?post=46333"},{"taxonomy":"post_tag","embeddable":true,"href":"https:\/\/maricatotal.com.br\/site\/wp-json\/wp\/v2\/tags?post=46333"}],"curies":[{"name":"wp","href":"https:\/\/api.w.org\/{rel}","templated":true}]}}