{"id":46434,"date":"2022-12-11T11:26:55","date_gmt":"2022-12-11T14:26:55","guid":{"rendered":"https:\/\/maricatotal.com.br\/site\/?p=46434"},"modified":"2023-01-04T00:45:19","modified_gmt":"2023-01-04T03:45:19","slug":"mumbucao-conheca-o-novo-programa-de-apoio-a-protetores-e-adotantes-de-caes-e-gatos-do-municipio","status":"publish","type":"post","link":"https:\/\/maricatotal.com.br\/site\/2022\/12\/11\/mumbucao-conheca-o-novo-programa-de-apoio-a-protetores-e-adotantes-de-caes-e-gatos-do-municipio\/","title":{"rendered":"Mumbuc\u00e3o: Conhe\u00e7a o novo programa de apoio a protetores e adotantes de c\u00e3es e gatos do munic\u00edpio"},"content":{"rendered":"\n<p>O Prefeito de Maric\u00e1, Fabiano Horta, enviou na quarta-feira (07\/12) mensagem \u00e0 C\u00e2mara de Vereadores com projeto de cria\u00e7\u00e3o do \u201cMumbuc\u00e3o\u201d, benef\u00edcio para protetores e adotantes de c\u00e3es e gatos nas campanhas promovidas pela Coordenadoria de Prote\u00e7\u00e3o Animal (Cepa) do munic\u00edpio, no valor que varia de 70 a 130 mumbucas, dependendo do porte do animal, por at\u00e9 um ano. No caso dos adotantes, apenas os cadastrados no&nbsp;Cad\u00danico ter\u00e3o direito ao benef\u00edcio.<\/p>\n\n\n\n<p>O programa conceder\u00e1 o valor de 70 mumbucas para quem adotar animais de pequeno porte, 100 para m\u00e9dio porte e 130 para grande porte; limitado a 1.300 mumbucas e 10 animais por pessoa. O benefici\u00e1rio dever\u00e1 cumprir uma s\u00e9rie de requisitos: ser maior de 18 anos, estar em dia com as obriga\u00e7\u00f5es civis e militares, n\u00e3o responder a crimes praticados contra animais, a administra\u00e7\u00e3o p\u00fablica e meio ambiente e n\u00e3o estar privado da liberdade por motivo de doen\u00e7as ou san\u00e7\u00f5es penais.<\/p>\n\n\n\n<p><strong>Programa que ampara os protetores do munic\u00edpio<\/strong><\/p>\n\n\n\n<p>O Mumbuc\u00e3o tamb\u00e9m ser\u00e1 destinado aos protetores, que s\u00e3o aqueles que atuam no resgate e disponibiliza\u00e7\u00e3o para a ado\u00e7\u00e3o de c\u00e3es e gatos fornecendo lar tempor\u00e1rio, cuidando da sa\u00fade e participando de programas de controle reprodutivo do munic\u00edpio. Para participar, dever\u00e3o residir na cidade h\u00e1 pelo menos tr\u00eas anos, estar cadastrados na Cepa, que far\u00e1 visitas peri\u00f3dicas para avalia\u00e7\u00e3o das condi\u00e7\u00f5es do espa\u00e7o, abrigo, salubridade, alimenta\u00e7\u00e3o, sa\u00fade e estabelecer os n\u00fameros de animais por esp\u00e9cies (c\u00e3es e gatos) e condi\u00e7\u00f5es adequadas que garantam o bem-estar dos animais e das pessoas residentes no local.&nbsp;<\/p>\n\n\n\n<p>Os protetores que tiverem com a quantidade de animais acima do recomendado, receber\u00e3o visitas mensais da Cepa e n\u00e3o poder\u00e3o efetuar resgate, ou receber animais sem a autoriza\u00e7\u00e3o, com a condi\u00e7\u00e3o de perderem o benef\u00edcio. Somente os animais domiciliados poder\u00e3o ser cadastrados no programa. Al\u00e9m disso, outras secretarias ser\u00e3o integradas para acompanhar a situa\u00e7\u00e3o dos protetores, seja com a\u00e7\u00f5es de sa\u00fade, atendimento psicol\u00f3gico e de assist\u00eancia social de forma garantir direitos e reduzir o n\u00famero de animais domiciliados, disponibilizando os c\u00e3es e gatos para ado\u00e7\u00e3o.&nbsp;&nbsp;<\/p>\n\n\n\n<p>Uma comiss\u00e3o de fiscaliza\u00e7\u00e3o ser\u00e1 montada para acompanhar o cumprimento das regras do programa e ser\u00e1 formada pelo coordenador de Prote\u00e7\u00e3o Animal, funcion\u00e1rios p\u00fablicos, veterin\u00e1rios e alunos graduando em veterin\u00e1ria que estejam estagiando, cumprindo contrapartida pelo programa Passaporte Universit\u00e1rio.&nbsp;<\/p>\n\n\n\n<p>\u201cO Mumbuc\u00e3o \u00e9 um programa de integra\u00e7\u00e3o social para que a gente consiga atender aos animais e tamb\u00e9m dar assist\u00eancia ao protetor. \u00c9 uma realidade impactante, mas que mostra tamb\u00e9m a preocupa\u00e7\u00e3o e o olhar do governo para essas pessoas que, muitas vezes, abdicam da pr\u00f3pria vida para socorrer c\u00e3es e gatos no munic\u00edpio. Ao mesmo tempo, o programa cumpre a responsabilidade do estado em cuidar e buscar um lar para os animais abandonados. E ele se soma aos projetos que j\u00e1 temos, como o programa de controle reprodutivo\u201d, destacou o coordenador de Prote\u00e7\u00e3o Animal, Fabiano Novaes.<\/p>\n\n\n\n<p><strong>Estudo sobre a situa\u00e7\u00e3o da prote\u00e7\u00e3o animal em Maric\u00e1<\/strong><\/p>\n\n\n\n<p>O programa foi desenvolvido ap\u00f3s implementa\u00e7\u00e3o de estudo t\u00e9cnico permanente, realizado desde 2021 pela Cepa, que tra\u00e7ou um perfil socioecon\u00f4mico da situa\u00e7\u00e3o da prote\u00e7\u00e3o animal no munic\u00edpio, a fim de gerar dados para subsidiar a constru\u00e7\u00e3o de pol\u00edticas p\u00fablicas para garantir o bem-estar de quem adota e de quem protege c\u00e3es e gatos.<\/p>\n\n\n\n<p>Com a atualiza\u00e7\u00e3o de 70 dos 120 protetores cadastrados neste ano, j\u00e1 s\u00e3o quase 1.500 animais domiciliados. De acordo com o registo, 85,5 % dos protetores \u00e9 composto por mulheres e 70,4% t\u00eam entre 40 e 70 anos de idade; 74,7% atuam na causa animal h\u00e1 mais de cinco anos e 33% n\u00e3o possuem casa pr\u00f3pria. J\u00e1 79,6% representam aqueles que est\u00e3o superlotados de animais resgatados e possuem mais de dez c\u00e3es ou gatos, sendo que 20,3% t\u00eam mais de 30 animais e, muitas vezes, vivem em condi\u00e7\u00f5es inadequadas.<\/p>\n","protected":false},"excerpt":{"rendered":"<p>O Prefeito de Maric\u00e1, Fabiano Horta, enviou na quarta-feira (07\/12) mensagem \u00e0 C\u00e2mara de Vereadores com projeto de cria\u00e7\u00e3o do<\/p>\n","protected":false},"author":1,"featured_media":46435,"comment_status":"open","ping_status":"open","sticky":false,"template":"","format":"standard","meta":{"colormag_page_container_layout":"default_layout","colormag_page_sidebar_layout":"default_layout","footnotes":""},"categories":[18,17],"tags":[],"class_list":["post-46434","post","type-post","status-publish","format-standard","has-post-thumbnail","hentry","category-entretenimento","category-politica"],"amp_enabled":true,"_links":{"self":[{"href":"https:\/\/maricatotal.com.br\/site\/wp-json\/wp\/v2\/posts\/46434","targetHints":{"allow":["GET"]}}],"collection":[{"href":"https:\/\/maricatotal.com.br\/site\/wp-json\/wp\/v2\/posts"}],"about":[{"href":"https:\/\/maricatotal.com.br\/site\/wp-json\/wp\/v2\/types\/post"}],"author":[{"embeddable":true,"href":"https:\/\/maricatotal.com.br\/site\/wp-json\/wp\/v2\/users\/1"}],"replies":[{"embeddable":true,"href":"https:\/\/maricatotal.com.br\/site\/wp-json\/wp\/v2\/comments?post=46434"}],"version-history":[{"count":1,"href":"https:\/\/maricatotal.com.br\/site\/wp-json\/wp\/v2\/posts\/46434\/revisions"}],"predecessor-version":[{"id":46436,"href":"https:\/\/maricatotal.com.br\/site\/wp-json\/wp\/v2\/posts\/46434\/revisions\/46436"}],"wp:featuredmedia":[{"embeddable":true,"href":"https:\/\/maricatotal.com.br\/site\/wp-json\/wp\/v2\/media\/46435"}],"wp:attachment":[{"href":"https:\/\/maricatotal.com.br\/site\/wp-json\/wp\/v2\/media?parent=46434"}],"wp:term":[{"taxonomy":"category","embeddable":true,"href":"https:\/\/maricatotal.com.br\/site\/wp-json\/wp\/v2\/categories?post=46434"},{"taxonomy":"post_tag","embeddable":true,"href":"https:\/\/maricatotal.com.br\/site\/wp-json\/wp\/v2\/tags?post=46434"}],"curies":[{"name":"wp","href":"https:\/\/api.w.org\/{rel}","templated":true}]}}