{"id":46563,"date":"2022-12-14T09:20:50","date_gmt":"2022-12-14T12:20:50","guid":{"rendered":"https:\/\/maricatotal.com.br\/site\/?p=46563"},"modified":"2023-01-04T00:51:09","modified_gmt":"2023-01-04T03:51:09","slug":"secretario-de-cultura-de-marica-e-agraciado-com-premio-do-merito-cinematografico-2022","status":"publish","type":"post","link":"https:\/\/maricatotal.com.br\/site\/2022\/12\/14\/secretario-de-cultura-de-marica-e-agraciado-com-premio-do-merito-cinematografico-2022\/","title":{"rendered":"Secret\u00e1rio de Cultura de Maric\u00e1 \u00e9 agraciado com pr\u00eamio do M\u00e9rito Cinematogr\u00e1fico 2022"},"content":{"rendered":"\n<p>O secret\u00e1rio de Cultura de Maric\u00e1, Sady Bianchin, foi um dos homenageados na quarta edi\u00e7\u00e3o do pr\u00eamio M\u00e9rito Cinematogr\u00e1fico, em solenidade realizada na noite de segunda-feira (12\/12), no complexo de cinemas Esta\u00e7\u00e3o Net Rio, em Botafogo, Zona Sul do Rio. As medalhas do M\u00e9rito Cinematogr\u00e1fico 2022 s\u00e3o oferecidas pelo Grupo Esta\u00e7\u00e3o de Cinema a pessoas ou entidades que se destacam na promo\u00e7\u00e3o das atividades do nosso cinema.<\/p>\n\n\n\n<p>Al\u00e9m do secret\u00e1rio, receberam o pr\u00eamio diretores, produtores, atores, cr\u00edticos, programas de TV, festivais e institui\u00e7\u00f5es que trabalham para promover o cinema nacional. A lista de contemplados desta quarta edi\u00e7\u00e3o do M\u00e9rito Cinematografico teve os atores Betty Faria, Marieta Severo, Marcos Palmeira, Matheus Nachtergaele e Paulo Betti; os cr\u00edticos Carlos Alberto de Mattos e Rodrigo Fonseca; os produtores Fl\u00e1vio Tambellini e Paula Barreto; o canal de TV Curta! e a emissora de TV comunit\u00e1ria do Rio de Janeiro, entre outros.<\/p>\n\n\n\n<p>Sady foi um dos agraciados com a honraria por seu trabalho \u00e0 frente da Secretaria de Cultura em Maric\u00e1. \u201c\u00c9 com alegria e honra que recebo esta homenagem. Estar ao lado de grandes artistas nacionais, que muito admiro e tanto contribu\u00edram para o cinema brasileiro, como grandes baluartes que s\u00e3o, \u00e9 tamb\u00e9m reafirmar o compromisso de construir uma sociedade mais justa, igualit\u00e1ria e digna, usando as artes comos instrumentos para essa constru\u00e7\u00e3o\u201d, disse o secret\u00e1rio.<\/p>\n","protected":false},"excerpt":{"rendered":"<p>O secret\u00e1rio de Cultura de Maric\u00e1, Sady Bianchin, foi um dos homenageados na quarta edi\u00e7\u00e3o do pr\u00eamio M\u00e9rito Cinematogr\u00e1fico, em<\/p>\n","protected":false},"author":1,"featured_media":46564,"comment_status":"open","ping_status":"open","sticky":false,"template":"","format":"standard","meta":{"colormag_page_container_layout":"default_layout","colormag_page_sidebar_layout":"default_layout","footnotes":""},"categories":[18],"tags":[],"class_list":["post-46563","post","type-post","status-publish","format-standard","has-post-thumbnail","hentry","category-entretenimento"],"amp_enabled":true,"_links":{"self":[{"href":"https:\/\/maricatotal.com.br\/site\/wp-json\/wp\/v2\/posts\/46563","targetHints":{"allow":["GET"]}}],"collection":[{"href":"https:\/\/maricatotal.com.br\/site\/wp-json\/wp\/v2\/posts"}],"about":[{"href":"https:\/\/maricatotal.com.br\/site\/wp-json\/wp\/v2\/types\/post"}],"author":[{"embeddable":true,"href":"https:\/\/maricatotal.com.br\/site\/wp-json\/wp\/v2\/users\/1"}],"replies":[{"embeddable":true,"href":"https:\/\/maricatotal.com.br\/site\/wp-json\/wp\/v2\/comments?post=46563"}],"version-history":[{"count":1,"href":"https:\/\/maricatotal.com.br\/site\/wp-json\/wp\/v2\/posts\/46563\/revisions"}],"predecessor-version":[{"id":46565,"href":"https:\/\/maricatotal.com.br\/site\/wp-json\/wp\/v2\/posts\/46563\/revisions\/46565"}],"wp:featuredmedia":[{"embeddable":true,"href":"https:\/\/maricatotal.com.br\/site\/wp-json\/wp\/v2\/media\/46564"}],"wp:attachment":[{"href":"https:\/\/maricatotal.com.br\/site\/wp-json\/wp\/v2\/media?parent=46563"}],"wp:term":[{"taxonomy":"category","embeddable":true,"href":"https:\/\/maricatotal.com.br\/site\/wp-json\/wp\/v2\/categories?post=46563"},{"taxonomy":"post_tag","embeddable":true,"href":"https:\/\/maricatotal.com.br\/site\/wp-json\/wp\/v2\/tags?post=46563"}],"curies":[{"name":"wp","href":"https:\/\/api.w.org\/{rel}","templated":true}]}}