{"id":46594,"date":"2022-12-15T09:11:09","date_gmt":"2022-12-15T12:11:09","guid":{"rendered":"https:\/\/maricatotal.com.br\/site\/?p=46594"},"modified":"2023-01-04T00:51:58","modified_gmt":"2023-01-04T03:51:58","slug":"prefeitura-demole-construcoes-irregulares-no-canal-da-costa-em-itaipuacu","status":"publish","type":"post","link":"https:\/\/maricatotal.com.br\/site\/2022\/12\/15\/prefeitura-demole-construcoes-irregulares-no-canal-da-costa-em-itaipuacu\/","title":{"rendered":"Prefeitura demole constru\u00e7\u00f5es irregulares no Canal da Costa, em Itaipua\u00e7u"},"content":{"rendered":"\n<p>A Prefeitura de Maric\u00e1, por meio do Grupo de Apoio T\u00e9cnico Especializado em Demoli\u00e7\u00f5es (GATED), demoliu nesta ter\u00e7a-feira (13\/12) dois muros, cercas e pequenas casas localizadas em \u00e1rea de faixa marginal no Canal da Costa, entre as ruas 86 e 87, em Itaipua\u00e7u. A equipe da Secretaria de Urbanismo contou com o apoio da autarquia Servi\u00e7os de Obras de Maric\u00e1 (Somar), e das secretarias Cidade Sustent\u00e1vel, Tr\u00e2nsito e Engenharia e Vi\u00e1ria, Ilumina\u00e7\u00e3o P\u00fablica e de Ordem P\u00fablica.<\/p>\n\n\n\n<p>\u201cEssas \u00e1reas comp\u00f5em a faixa marginal de prote\u00e7\u00e3o da Canal da Costa, sendo locais n\u00e3o edificantes. Seguindo orienta\u00e7\u00f5es do Inea e do Minist\u00e9rio P\u00fablico, para assegurar a prote\u00e7\u00e3o do meio ambiente e das pessoas, foi realizada a opera\u00e7\u00e3o que culminou nessas demoli\u00e7\u00f5es\u201d, explica o secret\u00e1rio de Urbanismo, Celso Cabral.<\/p>\n\n\n\n<p>Ao longo do ano, foram realizadas dez a\u00e7\u00f5es (cinco demoli\u00e7\u00f5es, uma a\u00e7\u00e3o fiscalizat\u00f3ria, uma retirada de cabeceira da ponte, uma desobstru\u00e7\u00e3o da cal\u00e7ada, uma retirada de cercas e uma desobstru\u00e7\u00e3o de casas)&nbsp;e 11 reuni\u00f5es ordin\u00e1rias de planejamento, para que as a\u00e7\u00f5es pudessem acontecer. Entre os bairros visitados est\u00e3o: Itaipua\u00e7u, Spar, Jacoro\u00e1, Jardim Interlagos, Bambu\u00ed, Cordeirinho, Mumbuca e Condado.<\/p>\n\n\n\n<p>De acordo com a legisla\u00e7\u00e3o municipal, antes de iniciar a constru\u00e7\u00e3o, o propriet\u00e1rio precisa apresentar um projeto feito por um respons\u00e1vel t\u00e9cnico (profissional de engenharia ou arquitetura) de acordo com normas vigentes (C\u00f3digo de Obras, Lei de Uso e Ocupa\u00e7\u00e3o do Solo, norma de acessibilidade, dentre outras conforme a complexidade da obra).<\/p>\n\n\n\n<p>Em seguida, \u00e9 necess\u00e1rio abrir um processo na Secretaria de Urbanismo, no qual deve ser anexada as documenta\u00e7\u00f5es do propriet\u00e1rio do im\u00f3vel e do respons\u00e1vel pela obra para a an\u00e1lise t\u00e9cnica. Com o projeto aprovado, s\u00e3o geradas as taxas de legaliza\u00e7\u00e3o para emiss\u00e3o do alvar\u00e1 de obras.<\/p>\n\n\n\n<p>Em caso de legaliza\u00e7\u00e3o de obra j\u00e1 conclu\u00edda ou solicita\u00e7\u00e3o de habite-se, \u00e9 preciso apresentar a escritura com Registro Geral de Im\u00f3veis (RGI), documenta\u00e7\u00e3o do propriet\u00e1rio, comprovante de resid\u00eancia atualizado, projeto e Registro de Responsabilidade T\u00e9cnica (RRT) ou Anota\u00e7\u00e3o de Responsabilidade T\u00e9cnica (ART).<\/p>\n\n\n\n<p>Em caso de d\u00favidas, o contribuinte pode agendar um atendimento com a Secretaria de Urbanismo pelo site dos Servi\u00e7os Integrados Municipal (SIM) \u2013 www.sim.marica.rj.gov.br.<\/p>\n","protected":false},"excerpt":{"rendered":"<p>A Prefeitura de Maric\u00e1, por meio do Grupo de Apoio T\u00e9cnico Especializado em Demoli\u00e7\u00f5es (GATED), demoliu nesta ter\u00e7a-feira (13\/12) dois<\/p>\n","protected":false},"author":1,"featured_media":46596,"comment_status":"open","ping_status":"open","sticky":false,"template":"","format":"standard","meta":{"colormag_page_container_layout":"default_layout","colormag_page_sidebar_layout":"default_layout","footnotes":""},"categories":[17],"tags":[],"class_list":["post-46594","post","type-post","status-publish","format-standard","has-post-thumbnail","hentry","category-politica"],"amp_enabled":true,"_links":{"self":[{"href":"https:\/\/maricatotal.com.br\/site\/wp-json\/wp\/v2\/posts\/46594","targetHints":{"allow":["GET"]}}],"collection":[{"href":"https:\/\/maricatotal.com.br\/site\/wp-json\/wp\/v2\/posts"}],"about":[{"href":"https:\/\/maricatotal.com.br\/site\/wp-json\/wp\/v2\/types\/post"}],"author":[{"embeddable":true,"href":"https:\/\/maricatotal.com.br\/site\/wp-json\/wp\/v2\/users\/1"}],"replies":[{"embeddable":true,"href":"https:\/\/maricatotal.com.br\/site\/wp-json\/wp\/v2\/comments?post=46594"}],"version-history":[{"count":1,"href":"https:\/\/maricatotal.com.br\/site\/wp-json\/wp\/v2\/posts\/46594\/revisions"}],"predecessor-version":[{"id":46597,"href":"https:\/\/maricatotal.com.br\/site\/wp-json\/wp\/v2\/posts\/46594\/revisions\/46597"}],"wp:featuredmedia":[{"embeddable":true,"href":"https:\/\/maricatotal.com.br\/site\/wp-json\/wp\/v2\/media\/46596"}],"wp:attachment":[{"href":"https:\/\/maricatotal.com.br\/site\/wp-json\/wp\/v2\/media?parent=46594"}],"wp:term":[{"taxonomy":"category","embeddable":true,"href":"https:\/\/maricatotal.com.br\/site\/wp-json\/wp\/v2\/categories?post=46594"},{"taxonomy":"post_tag","embeddable":true,"href":"https:\/\/maricatotal.com.br\/site\/wp-json\/wp\/v2\/tags?post=46594"}],"curies":[{"name":"wp","href":"https:\/\/api.w.org\/{rel}","templated":true}]}}