{"id":46642,"date":"2022-12-16T09:21:56","date_gmt":"2022-12-16T12:21:56","guid":{"rendered":"https:\/\/maricatotal.com.br\/site\/?p=46642"},"modified":"2023-01-04T00:53:16","modified_gmt":"2023-01-04T03:53:16","slug":"marica-conselho-da-cidade-aprova-regimento-e-planejamento-de-2023","status":"publish","type":"post","link":"https:\/\/maricatotal.com.br\/site\/2022\/12\/16\/marica-conselho-da-cidade-aprova-regimento-e-planejamento-de-2023\/","title":{"rendered":"Maric\u00e1: Conselho da Cidade aprova regimento e planejamento de 2023"},"content":{"rendered":"\n<p>O Conselho da Cidade de Maric\u00e1 (ConCidade) aprovou nesta quinta-feira (15\/12), em reuni\u00e3o no Banco Mumbuca, por unanimidade o regimento interno, com as diretrizes gerais para a formula\u00e7\u00e3o e implementa\u00e7\u00e3o da Pol\u00edtica Municipal de Desenvolvimento Urbano e o calend\u00e1rio e planejamento das a\u00e7\u00f5es de 2023. Tamb\u00e9m foram definidos os membros das cinco c\u00e2maras t\u00e9cnicas (Habita\u00e7\u00e3o, Saneamento e Meio Ambiente; Tr\u00e2nsito, Transporte, Mobilidade Urbana &amp; Alinhamentos vi\u00e1rios; Planejamento e Gest\u00e3o do Solo Urbano; Desenvolvimento Econ\u00f4mico, Trabalho e Renda; e Especial), nas quais os conselheiros ir\u00e3o discutir os temas que ser\u00e3o levados para as reuni\u00f5es do ConCidade. O \u00f3rg\u00e3o, eleito na 7\u00aa Confer\u00eancia da Cidade realizada em maio, \u00e9 formado por representantes da gest\u00e3o municipal e da sociedade civil organizada.<\/p>\n\n\n\n<p>A pr\u00f3xima reuni\u00e3o acontece no dia 14 de fevereiro de 2023 com o tema \u201cSaneamento \u2013 projetos e programas da Sanemar (Companhia de Saneamento de Maric\u00e1)\u201d. Uma das propostas aprovadas pelos conselheiros nesta quinta-feira foi oficializar na C\u00e2mara Municipal uma mo\u00e7\u00e3o de apoio para que os vereadores apreciem e aprovem o Plano Diretor de Maric\u00e1, onde o ConCidade fica dispon\u00edvel para esclarecimentos de d\u00favidas.<\/p>\n\n\n\n<p>O secret\u00e1rio de Urbanismo e presidente do ConCidade, Celso Cabral, disse que as reuni\u00f5es s\u00e3o muito importantes para o Conselho discutir os problemas da cidade e orientar onde a gest\u00e3o deve ter maior aten\u00e7\u00e3o. \u201cAcho que teremos um 2023 sensacional porque o Conselho da Cidade \u00e9 formado por pessoas extremamente competentes e est\u00e3o empenhados em ajudar no desenvolvimento do munic\u00edpio. O conselho precisa ser propagador dos objetivos e dos projetos da gest\u00e3o\u201d, destacou Cabral.<\/p>\n\n\n\n<p>Pelo regimento interno ficou definido que somente ter\u00e3o direito a voto nas reuni\u00f5es os titulares ou suplentes que participarem presencialmente \u2013 quem estiver remotamente ter\u00e1 direito a voz, mas n\u00e3o poder\u00e1 votar. Os conselheiros definiram que a ata de cada reuni\u00e3o ser\u00e1 discutida e aprovada sem necessidade de leitura. Outra altera\u00e7\u00e3o no texto original do regimento foi que cada conselheiro dever\u00e1 fazer parte de, ao menos, uma c\u00e2mara t\u00e9cnica e todas reuni\u00f5es t\u00e9cnicas ser\u00e3o realizadas na Secretaria de Urbanismo.<\/p>\n","protected":false},"excerpt":{"rendered":"<p>O Conselho da Cidade de Maric\u00e1 (ConCidade) aprovou nesta quinta-feira (15\/12), em reuni\u00e3o no Banco Mumbuca, por unanimidade o regimento<\/p>\n","protected":false},"author":1,"featured_media":46644,"comment_status":"open","ping_status":"open","sticky":false,"template":"","format":"standard","meta":{"colormag_page_container_layout":"default_layout","colormag_page_sidebar_layout":"default_layout","footnotes":""},"categories":[17],"tags":[],"class_list":["post-46642","post","type-post","status-publish","format-standard","has-post-thumbnail","hentry","category-politica"],"amp_enabled":true,"_links":{"self":[{"href":"https:\/\/maricatotal.com.br\/site\/wp-json\/wp\/v2\/posts\/46642","targetHints":{"allow":["GET"]}}],"collection":[{"href":"https:\/\/maricatotal.com.br\/site\/wp-json\/wp\/v2\/posts"}],"about":[{"href":"https:\/\/maricatotal.com.br\/site\/wp-json\/wp\/v2\/types\/post"}],"author":[{"embeddable":true,"href":"https:\/\/maricatotal.com.br\/site\/wp-json\/wp\/v2\/users\/1"}],"replies":[{"embeddable":true,"href":"https:\/\/maricatotal.com.br\/site\/wp-json\/wp\/v2\/comments?post=46642"}],"version-history":[{"count":1,"href":"https:\/\/maricatotal.com.br\/site\/wp-json\/wp\/v2\/posts\/46642\/revisions"}],"predecessor-version":[{"id":46645,"href":"https:\/\/maricatotal.com.br\/site\/wp-json\/wp\/v2\/posts\/46642\/revisions\/46645"}],"wp:featuredmedia":[{"embeddable":true,"href":"https:\/\/maricatotal.com.br\/site\/wp-json\/wp\/v2\/media\/46644"}],"wp:attachment":[{"href":"https:\/\/maricatotal.com.br\/site\/wp-json\/wp\/v2\/media?parent=46642"}],"wp:term":[{"taxonomy":"category","embeddable":true,"href":"https:\/\/maricatotal.com.br\/site\/wp-json\/wp\/v2\/categories?post=46642"},{"taxonomy":"post_tag","embeddable":true,"href":"https:\/\/maricatotal.com.br\/site\/wp-json\/wp\/v2\/tags?post=46642"}],"curies":[{"name":"wp","href":"https:\/\/api.w.org\/{rel}","templated":true}]}}