{"id":46695,"date":"2022-12-17T07:16:01","date_gmt":"2022-12-17T10:16:01","guid":{"rendered":"https:\/\/maricatotal.com.br\/site\/?p=46695"},"modified":"2023-01-04T00:54:39","modified_gmt":"2023-01-04T03:54:39","slug":"ictim-abre-inscricoes-para-workshops-da-incubadora-de-inovacao-social-em-cultura","status":"publish","type":"post","link":"https:\/\/maricatotal.com.br\/site\/2022\/12\/17\/ictim-abre-inscricoes-para-workshops-da-incubadora-de-inovacao-social-em-cultura\/","title":{"rendered":"ICTIM abre inscri\u00e7\u00f5es para workshops da Incubadora de Inova\u00e7\u00e3o Social em Cultura"},"content":{"rendered":"\n<p>A Prefeitura de Maric\u00e1, por meio do Instituto de Ci\u00eancia, Tecnologia e Inova\u00e7\u00e3o de Maric\u00e1 e da Secretaria de Cultura, est\u00e1 com inscri\u00e7\u00f5es abertas para workshops da Incubadora de Inova\u00e7\u00e3o Social em Cultura. A capacita\u00e7\u00e3o acontece nos dias 19, 20 e 21 de dezembro, na Casa de Cultura. S\u00e3o 120 vagas, sendo 40 para cada tema (Cultura e Concep\u00e7\u00e3o, Empreendedorismo Cultural e Educa\u00e7\u00e3o Financeira). No ato da inscri\u00e7\u00e3o, \u00e9 poss\u00edvel optar por realizar o workshop das 8h \u00e0s 12h ou das 13h \u00e0s 17h.<\/p>\n\n\n\n<p>Os cursos s\u00e3o para maiores de 16 anos e as inscri\u00e7\u00f5es s\u00e3o feitas presencialmente das 9h \u00e0s 17h na Casa de Cultura (Pra\u00e7a Orlando de Barros Pimentel, Centro) ou no Instituto Brasil Social (Rua Antonio Vieira Sobrinho, 179, Parque Eldorado). \u00c9 necess\u00e1rio levar um documento de identifica\u00e7\u00e3o original com foto. Quem preferir, tem ainda o formato online, pelo link: https:\/\/forms.gle\/hmTr9Pvx2CfQGNmX6<\/p>\n\n\n\n<p>O presidente do ICTIM, Celso Pansera, afirma que a incubadora ter\u00e1 atividades voltadas ao carnaval, games e cinema, al\u00e9m de englobar conte\u00fado e curadoria para o canal de streaming. \u201cEsse projeto une arte, hist\u00f3ria e conhecimento, dando o protagonismo merecido ao setor cultural\u201d, explica Pansera.<\/p>\n\n\n\n<p>J\u00e1 o secret\u00e1rio de Cultura, Sady Bianchin, destaca que a incubadora permitir\u00e1 avan\u00e7ar em projetos culturais. \u201cA arte e a cultura s\u00e3o inven\u00e7\u00f5es democr\u00e1ticas que precisam ser solid\u00e1rias e cooperativas. Esse investimento no territ\u00f3rio \u00e9 instrumento do verdadeiro exerc\u00edcio de cidadania para constru\u00e7\u00e3o e pensamento da Cultura\u201d, disse.<\/p>\n\n\n\n<p><strong>Networking e capacita\u00e7\u00e3o de excel\u00eancia<\/strong><\/p>\n\n\n\n<p>Para a coordenadora-geral da Incubadora de Inova\u00e7\u00e3o Social em Cultura, Mariana Maia Figueiredo, o diferencial desta proposta \u00e9 a excel\u00eancia dos profissionais envolvidos.<\/p>\n\n\n\n<p>\u201cCom o objetivo de oferecer aos desenvolvedores culturais do munic\u00edpio uma imers\u00e3o nas \u00e1reas propostas, os encontros ir\u00e3o proporcionar uma experi\u00eancia \u00fanica. Os profissionais que dar\u00e3o os workshops fazem a diferen\u00e7a no mercado de trabalho, al\u00e9m dos encontros permitirem o networking entre os participantes\u201d.<\/p>\n","protected":false},"excerpt":{"rendered":"<p>A Prefeitura de Maric\u00e1, por meio do Instituto de Ci\u00eancia, Tecnologia e Inova\u00e7\u00e3o de Maric\u00e1 e da Secretaria de Cultura,<\/p>\n","protected":false},"author":1,"featured_media":46697,"comment_status":"open","ping_status":"open","sticky":false,"template":"","format":"standard","meta":{"colormag_page_container_layout":"default_layout","colormag_page_sidebar_layout":"default_layout","footnotes":""},"categories":[18],"tags":[],"class_list":["post-46695","post","type-post","status-publish","format-standard","has-post-thumbnail","hentry","category-entretenimento"],"amp_enabled":true,"_links":{"self":[{"href":"https:\/\/maricatotal.com.br\/site\/wp-json\/wp\/v2\/posts\/46695","targetHints":{"allow":["GET"]}}],"collection":[{"href":"https:\/\/maricatotal.com.br\/site\/wp-json\/wp\/v2\/posts"}],"about":[{"href":"https:\/\/maricatotal.com.br\/site\/wp-json\/wp\/v2\/types\/post"}],"author":[{"embeddable":true,"href":"https:\/\/maricatotal.com.br\/site\/wp-json\/wp\/v2\/users\/1"}],"replies":[{"embeddable":true,"href":"https:\/\/maricatotal.com.br\/site\/wp-json\/wp\/v2\/comments?post=46695"}],"version-history":[{"count":1,"href":"https:\/\/maricatotal.com.br\/site\/wp-json\/wp\/v2\/posts\/46695\/revisions"}],"predecessor-version":[{"id":46698,"href":"https:\/\/maricatotal.com.br\/site\/wp-json\/wp\/v2\/posts\/46695\/revisions\/46698"}],"wp:featuredmedia":[{"embeddable":true,"href":"https:\/\/maricatotal.com.br\/site\/wp-json\/wp\/v2\/media\/46697"}],"wp:attachment":[{"href":"https:\/\/maricatotal.com.br\/site\/wp-json\/wp\/v2\/media?parent=46695"}],"wp:term":[{"taxonomy":"category","embeddable":true,"href":"https:\/\/maricatotal.com.br\/site\/wp-json\/wp\/v2\/categories?post=46695"},{"taxonomy":"post_tag","embeddable":true,"href":"https:\/\/maricatotal.com.br\/site\/wp-json\/wp\/v2\/tags?post=46695"}],"curies":[{"name":"wp","href":"https:\/\/api.w.org\/{rel}","templated":true}]}}