{"id":46700,"date":"2022-12-17T07:17:38","date_gmt":"2022-12-17T10:17:38","guid":{"rendered":"https:\/\/maricatotal.com.br\/site\/?p=46700"},"modified":"2023-01-04T00:54:41","modified_gmt":"2023-01-04T03:54:41","slug":"personalidades-do-samba-comparecem-ao-i-seminario-samba-carnaval-de-marica","status":"publish","type":"post","link":"https:\/\/maricatotal.com.br\/site\/2022\/12\/17\/personalidades-do-samba-comparecem-ao-i-seminario-samba-carnaval-de-marica\/","title":{"rendered":"Personalidades do samba comparecem ao I Semin\u00e1rio Samba &amp; Carnaval de Maric\u00e1"},"content":{"rendered":"\n<p>Al\u00e9m de reunir profissionais do Carnaval, sociedade civil e autoridades, o &nbsp;I Semin\u00e1rio Samba &amp; Carnaval, que aconteceu nesta quarta-feira (14\/12), levou a Maric\u00e1, grandes nomes do Carnaval carioca. Discutindo a tem\u00e1tica \u201cCarnaval Patrim\u00f4nio Imaterial do estado do Rio de Janeiro, traduzindo saberes, fazeres, identidade e mem\u00f3ria coletiva\u201d, o evento foi um pontap\u00e9 inicial no fomento \u00e0 cultura do Carnaval na cidade, com propostas de projetos para empregabilidade na \u00e1rea.<\/p>\n\n\n\n<p>Um dos principais nomes presentes foi Luiz Carlos Magalh\u00e3es \u2013 diretor cultural da Liga Independente das Escolas de Samba do Rio de Janeiro (Liesa, foi diretor Cultural da Portela e presidente da mesma por dois mandatos, onde foi campe\u00e3 no mesmo ano. Ele ainda foi nomeado diretor da Federa\u00e7\u00e3o Nacional do Samba (Fenasamba), e eleito diretor cultural da entidade no ano de 2022.<\/p>\n\n\n\n<p>\u201cVim prestigiar o evento pois sei da voca\u00e7\u00e3o de Maric\u00e1 para a realiza\u00e7\u00e3o de desfiles e esperamos que os projetos expostos aqui, sejam efetivos para auxiliar os profissionais do samba e conseguirmos alcan\u00e7ar a valoriza\u00e7\u00e3o dos profissionais do Carnaval\u201d, explica.<\/p>\n\n\n\n<p>Quem nunca ouviu a voz ecoar pela Marques de Sapuca\u00ed: \u201cAten\u00e7\u00e3o, Sapuca\u00ed\u201d, antes dos desfiles? Um dos bord\u00f5es mais amados pelos sambistas \u00e9 marca registrada de Vanderlei Borges, de 75 anos \u2013 60 dedicados \u00e0 festa popular -, locutor oficial do Carnaval do Rio de Janeiro pela Liesa e com 16 anos de avenida.<\/p>\n\n\n\n<p>\u201cEstamos vivendo neste momento um fato de uma import\u00e2ncia muito grande para todo Carnaval do estado do Rio. Maric\u00e1, hoje, se torna cidade polo de incentivo de um grande evento que \u00e9 o nosso Carnaval, o maior espet\u00e1culo a c\u00e9u aberto do mundo. Enquanto o Carnaval existir, existir\u00e1 em nosso interior a vontade de viver, de sambar e de ser feliz\u201d, comemora.<\/p>\n\n\n\n<p>Outra pessoa que fez hist\u00f3ria na Sapuca\u00ed e foi prestigiar o evento foi Babi Cruz, que desfilou como porta-bandeira na Mocidade Independente de Padre Miguel e na Uni\u00e3o da Ilha do Governador. Esposa do cantor e compositor Arlindo Cruz, ela sabe da import\u00e2ncia da festa para os brasileiros.<\/p>\n\n\n\n<p>\u201cN\u00e3o sei contar nenhum momento da minha vida sem o samba e o carnaval. O samba carioca representa todos n\u00f3s brasileiros para o mundo e \u00e9 atrav\u00e9s de simp\u00f3sios como este que as coisas se transformam, se afinam e melhoram. Aos sete anos de idade fui levada pelas m\u00e3os de um dos maiores nomes da hist\u00f3ria do Carnaval, Mestre Andr\u00e9, meu professor de samba e de vida. Homem vision\u00e1rio da nossa cultura. Naquela \u00e9poca, d\u00e9cada de 70, fui a primeira crian\u00e7a, vulgo, mulher, a ser liberada pelo juizado de menores a poder atuar \u00e0 frente de uma bateria de escola de samba, substituindo nossa querida Adelia F\u00e1tima na Mocidade\u201d, lembrou Babi, fazendo quest\u00e3o de enaltecer: \u201cQue a gente nunca perca as r\u00e9deas da nossa cultura pra que o samba se mantenha, se imponha e consiga fabricar grandes artistas, grandes talentos, como uma velocidade muito maior. A uni\u00e3o faz a for\u00e7a, a soma tende a multiplicar e que exista uma divis\u00e3o mais honesta e digna. Como diz Arlindo Cruz: \u2018Aconselho a voc\u00ea que seja sambista tamb\u00e9m\u2019, finalizou bem-humorada.<\/p>\n\n\n\n<p><strong>Pluralidade do carnaval<\/strong><\/p>\n\n\n\n<p>\u201cO Carnaval como direito \u00e0 cidade, cidadania e pertencimento \u2013 Pluralidade do Carnaval\u201d foi a \u00faltima mesa do dia e teve a participa\u00e7\u00e3o do carnavalesco GRES Uni\u00e3o de Maric\u00e1, Renato Figueiredo; da &nbsp;presidenta da Uni\u00e3o Saco da Flores, Eneide Silva; do diretor de Carnaval da GRES Unidos do Viradouro, Alex Sandro Pereira da Silva; da sambista, cantora e compositora Emira Ramos; do representante do Boi Parintins no Rio, S\u00e9rgio Noronha; da representante da Associa\u00e7\u00e3o Carioca de Blocos e Bandas Folia Carioca, Carla Wendling; do presidente da Associa\u00e7\u00e3o dos &nbsp;Bate Bolas do Rio de Janeiro, Andr\u00e9 Fructuoso; e da sambista Babi Cruz.<\/p>\n\n\n\n<p>Com um repert\u00f3rio repleto de cl\u00e1ssicos do samba, o semin\u00e1rio finalizou com a roda de samba \u201cMulheres sambistas de Maric\u00e1\u201d, formada por Andreia Werling, &nbsp;Cacau Souza, Enira Ramos, Jaque Guedes, J\u00f4 Borges e Patr\u00edcia Simpatia. As can\u00e7\u00f5es &nbsp;\u201cBom Ambiente\u201d, de Arlindo Cruz; \u201cTend\u00eancia\u201d, de Fundo de Quintal; e \u201cMais Feliz\u201d, de Toninho Geraes; n\u00e3o ficaram de fora.<\/p>\n","protected":false},"excerpt":{"rendered":"<p>Al\u00e9m de reunir profissionais do Carnaval, sociedade civil e autoridades, o &nbsp;I Semin\u00e1rio Samba &amp; Carnaval, que aconteceu nesta quarta-feira<\/p>\n","protected":false},"author":1,"featured_media":46701,"comment_status":"open","ping_status":"open","sticky":false,"template":"","format":"standard","meta":{"colormag_page_container_layout":"default_layout","colormag_page_sidebar_layout":"default_layout","footnotes":""},"categories":[18],"tags":[],"class_list":["post-46700","post","type-post","status-publish","format-standard","has-post-thumbnail","hentry","category-entretenimento"],"amp_enabled":true,"_links":{"self":[{"href":"https:\/\/maricatotal.com.br\/site\/wp-json\/wp\/v2\/posts\/46700","targetHints":{"allow":["GET"]}}],"collection":[{"href":"https:\/\/maricatotal.com.br\/site\/wp-json\/wp\/v2\/posts"}],"about":[{"href":"https:\/\/maricatotal.com.br\/site\/wp-json\/wp\/v2\/types\/post"}],"author":[{"embeddable":true,"href":"https:\/\/maricatotal.com.br\/site\/wp-json\/wp\/v2\/users\/1"}],"replies":[{"embeddable":true,"href":"https:\/\/maricatotal.com.br\/site\/wp-json\/wp\/v2\/comments?post=46700"}],"version-history":[{"count":1,"href":"https:\/\/maricatotal.com.br\/site\/wp-json\/wp\/v2\/posts\/46700\/revisions"}],"predecessor-version":[{"id":46702,"href":"https:\/\/maricatotal.com.br\/site\/wp-json\/wp\/v2\/posts\/46700\/revisions\/46702"}],"wp:featuredmedia":[{"embeddable":true,"href":"https:\/\/maricatotal.com.br\/site\/wp-json\/wp\/v2\/media\/46701"}],"wp:attachment":[{"href":"https:\/\/maricatotal.com.br\/site\/wp-json\/wp\/v2\/media?parent=46700"}],"wp:term":[{"taxonomy":"category","embeddable":true,"href":"https:\/\/maricatotal.com.br\/site\/wp-json\/wp\/v2\/categories?post=46700"},{"taxonomy":"post_tag","embeddable":true,"href":"https:\/\/maricatotal.com.br\/site\/wp-json\/wp\/v2\/tags?post=46700"}],"curies":[{"name":"wp","href":"https:\/\/api.w.org\/{rel}","templated":true}]}}