{"id":46931,"date":"2022-12-22T13:16:21","date_gmt":"2022-12-22T16:16:21","guid":{"rendered":"https:\/\/maricatotal.com.br\/site\/?p=46931"},"modified":"2023-01-04T01:00:45","modified_gmt":"2023-01-04T04:00:45","slug":"ultimo-dia-para-conferir-natal-nas-ruas-acao-do-celebrar-marica-que-leva-apresentacoes-culturais-para-espacos-publicos","status":"publish","type":"post","link":"https:\/\/maricatotal.com.br\/site\/2022\/12\/22\/ultimo-dia-para-conferir-natal-nas-ruas-acao-do-celebrar-marica-que-leva-apresentacoes-culturais-para-espacos-publicos\/","title":{"rendered":"\u00daltimo dia para conferir Natal nas Ruas, a\u00e7\u00e3o do Celebrar Maric\u00e1 que leva apresenta\u00e7\u00f5es culturais para espa\u00e7os p\u00fablicos"},"content":{"rendered":"\n<p>M\u00fasica, bal\u00e9, contorcionismo, m\u00edmica, apresenta\u00e7\u00f5es de perna de pau e bambol\u00ea, al\u00e9m da presen\u00e7a do Papai Noel, seus ajudantes e um apresentador. Tudo isso pode ser visto por turistas e maricaenses no Natal nas Ruas, a\u00e7\u00e3o do Celebrar Maric\u00e1, que acontece em diversos pontos da cidade, at\u00e9 esta sexta-feira (23\/12), em tr\u00eas hor\u00e1rios: &nbsp;10h \u00e0s 11h, das 15h \u00e0s 16h, e das 19h \u00e0s 20h. Com acesso gratuito, o projeto \u00e9 uma iniciativa da C\u00e2mara de Dirigentes Lojistas de Maric\u00e1 (CDL), com apoio da Prefeitura de Maric\u00e1 e da Companhia de Desenvolvimento de Maric\u00e1 (Codemar).<\/p>\n\n\n\n<p>\u201cO Natal nas Ruas, uma a\u00e7\u00e3o iniciada em 2019 em nossa primeira edi\u00e7\u00e3o, retornou agora, para ficar. Est\u00e1 sendo um grande sucesso por todos os lugares que estamos nos apresentando. Temos tido muitos feedbacks legais de quem assistiu. Ano que vem, certamente, vamos aumentar o n\u00famero de apresenta\u00e7\u00f5es e artistas da nossa cidade\u201d, analisou o presidente da C\u00e2mara de Dirigentes Lojistas (CDL) de Maric\u00e1, Paulo Santos.<\/p>\n\n\n\n<p><strong>Apresenta\u00e7\u00f5es natalinas est\u00e3o conquistando p\u00fablico<\/strong><\/p>\n\n\n\n<p>O violoncelista Pedro Szigethy, m\u00fasico integrante da banda do Natal nas Ruas, afirma que o p\u00fablico est\u00e1 se emocionando e sentindo a magia do Natal nas apresenta\u00e7\u00f5es. \u201cEssa iniciativa \u00e9 muito importante pois leva \u00e0 popula\u00e7\u00e3o um espet\u00e1culo tocante, que encanta o cora\u00e7\u00e3o das pessoas. \u00c9 algo novo na cidade, com apresenta\u00e7\u00e3o de m\u00fasicas natalinas com instrumentos que n\u00e3o est\u00e3o no cotidiano das pessoas, al\u00e9m de n\u00fameros circenses. O Natal nas Ruas leva para o p\u00fablico a magia de Natal, uma mensagem linda de uni\u00e3o, amor e fraternidade\u201d, celebra Pedro.<br>Pela primeira vez assistindo \u00e0 apresenta\u00e7\u00e3o do Natal nas Ruas, na Rodovi\u00e1ria, no centro de Maric\u00e1, Beatriz Menezes afirma a import\u00e2ncia de oferecer cultura em espa\u00e7os p\u00fablicos. \u201cMuito bacana! Uma boa oportunidade para o p\u00fablico assistir apresenta\u00e7\u00f5es culturais, at\u00e9 porque tem muita gente que nunca viu esse tipo de show. A minha apresenta\u00e7\u00e3o favorita foi a do bambol\u00ea, achei bem diferente\u201d, pontua.<\/p>\n\n\n\n<p><strong>A\u00e7\u00e3o traz visibilidade aos artistas maricaenses<\/strong><br>O artista de flags, modalidade do malabares, Owen Kane, participante do Natal nas Ruas desde o in\u00edcio de dezembro, acredita que a a\u00e7\u00e3o \u00e9 uma \u00f3tima oportunidade para os artistas maricaenses mostrarem seu trabalho, al\u00e9m do p\u00fablico poder conferir apresenta\u00e7\u00f5es que fogem do tradicional. \u201cO Natal nas Ruas \u00e9 um espa\u00e7o muito importante para n\u00f3s, porque n\u00e3o temos circo em Maric\u00e1.&nbsp; Estamos dando bastante do nosso suor para entregar um trabalho bonito, de qualidade, que n\u00e3o seja superficial. N\u00f3s fazemos isso porque amamos o nosso trabalho. Esperamos que, nesta reta final, a plateia se aproxime ainda mais. E o p\u00fablico est\u00e1 nos abra\u00e7ando\u201d, afirma.<\/p>\n\n\n\n<p>Expositora da Feira Top 15, Alice Pinto est\u00e1 gostando das apresenta\u00e7\u00f5es do Natal nas Ruas e sugere que a a\u00e7\u00e3o aconte\u00e7a em diversas \u00e9pocas do ano, com outros temas. &nbsp;\u201c\u00c9 interessante ver uma programa\u00e7\u00e3o voltada para o Natal, hoje eles falaram de diversos assuntos relacionados \u00e0 data. Natal \u00e9 fam\u00edlia, por isso, achei \u00f3timo! Quando eu era pequena, adorava assistir apresenta\u00e7\u00f5es de perna de pau, ficava muito feliz. Por isso, essa foi a parte que mais gostei de ver no Natal nas Ruas\u201d, finaliza.<\/p>\n\n\n\n<p><strong>Programa\u00e7\u00e3o:<\/strong><br>Dia 23\/12 \u2013 sexta-feira:<br>10h \u00e0s 11h \u2013 Centro de Ino\u00e3<br>15h \u00e0s 16h \u2013 S\u00e3o Jos\u00e9 do Imbassa\u00ed<br>19h \u00e0s 20h \u2013 Pra\u00e7a dos Gavi\u00f5es (Itaipua\u00e7u)<\/p>\n\n\n\n<p>Mais informa\u00e7\u00f5es em: &nbsp;<a href=\"https:\/\/www.celebrarmarica.com.br\/\">https:\/\/www.celebrarmarica.com.br\/<\/a><\/p>\n","protected":false},"excerpt":{"rendered":"<p>M\u00fasica, bal\u00e9, contorcionismo, m\u00edmica, apresenta\u00e7\u00f5es de perna de pau e bambol\u00ea, al\u00e9m da presen\u00e7a do Papai Noel, seus ajudantes e<\/p>\n","protected":false},"author":1,"featured_media":46932,"comment_status":"open","ping_status":"open","sticky":false,"template":"","format":"standard","meta":{"colormag_page_container_layout":"default_layout","colormag_page_sidebar_layout":"default_layout","footnotes":""},"categories":[18],"tags":[],"class_list":["post-46931","post","type-post","status-publish","format-standard","has-post-thumbnail","hentry","category-entretenimento"],"amp_enabled":true,"_links":{"self":[{"href":"https:\/\/maricatotal.com.br\/site\/wp-json\/wp\/v2\/posts\/46931","targetHints":{"allow":["GET"]}}],"collection":[{"href":"https:\/\/maricatotal.com.br\/site\/wp-json\/wp\/v2\/posts"}],"about":[{"href":"https:\/\/maricatotal.com.br\/site\/wp-json\/wp\/v2\/types\/post"}],"author":[{"embeddable":true,"href":"https:\/\/maricatotal.com.br\/site\/wp-json\/wp\/v2\/users\/1"}],"replies":[{"embeddable":true,"href":"https:\/\/maricatotal.com.br\/site\/wp-json\/wp\/v2\/comments?post=46931"}],"version-history":[{"count":1,"href":"https:\/\/maricatotal.com.br\/site\/wp-json\/wp\/v2\/posts\/46931\/revisions"}],"predecessor-version":[{"id":46933,"href":"https:\/\/maricatotal.com.br\/site\/wp-json\/wp\/v2\/posts\/46931\/revisions\/46933"}],"wp:featuredmedia":[{"embeddable":true,"href":"https:\/\/maricatotal.com.br\/site\/wp-json\/wp\/v2\/media\/46932"}],"wp:attachment":[{"href":"https:\/\/maricatotal.com.br\/site\/wp-json\/wp\/v2\/media?parent=46931"}],"wp:term":[{"taxonomy":"category","embeddable":true,"href":"https:\/\/maricatotal.com.br\/site\/wp-json\/wp\/v2\/categories?post=46931"},{"taxonomy":"post_tag","embeddable":true,"href":"https:\/\/maricatotal.com.br\/site\/wp-json\/wp\/v2\/tags?post=46931"}],"curies":[{"name":"wp","href":"https:\/\/api.w.org\/{rel}","templated":true}]}}