{"id":46978,"date":"2022-12-24T10:02:20","date_gmt":"2022-12-24T13:02:20","guid":{"rendered":"https:\/\/maricatotal.com.br\/site\/?p=46978"},"modified":"2023-01-04T01:02:30","modified_gmt":"2023-01-04T04:02:30","slug":"instituto-darcy-ribeiro-apresenta-resultados-preliminares-do-censo-da-cidadania","status":"publish","type":"post","link":"https:\/\/maricatotal.com.br\/site\/2022\/12\/24\/instituto-darcy-ribeiro-apresenta-resultados-preliminares-do-censo-da-cidadania\/","title":{"rendered":"Instituto Darcy Ribeiro apresenta resultados preliminares do Censo da Cidadania"},"content":{"rendered":"\n<p>O Instituto Municipal de Informa\u00e7\u00e3o e Pesquisa Darcy Ribeiro \u2013 \u00f3rg\u00e3o da Prefeitura de Maric\u00e1 para coleta e an\u00e1lise de dados sobre a cidade \u2013 realizou na quarta-feira (21\/12) uma live para apresentar os primeiros resultados do Censo da Cidadania, que concluiu a fase econ\u00f4mica. Agora, os agentes de pesquisa v\u00e3o se concentrar na fase domiciliar do levantamento.<\/p>\n\n\n\n<p>Na transmiss\u00e3o \u201cIDR 2022-23: Entender o Presente, Planejar o Futuro\u201d, o diretor de Informa\u00e7\u00e3o e Pesquisa Diego Maggi e a coordenadora de pesquisas Salete Da Dalt tamb\u00e9m falaram sobre o andamento do programa Chegou a Sua Vez \u2013 parceria da prefeitura com a Organiza\u00e7\u00e3o das Na\u00e7\u00f5es Unidas que visa integrar pessoas em situa\u00e7\u00e3o de vulnerabilidade social \u00e0 rede de assist\u00eancia social \u2013 e dos projetos em pauta para o ano de 2023.<\/p>\n\n\n\n<p>Salete abriu a apresenta\u00e7\u00e3o mostrando os dados j\u00e1 obtidos pelo Censo da Cidadania, como o total de 128.364 im\u00f3veis regularizados em Maric\u00e1, dos quais 10.618 s\u00e3o estabelecimentos n\u00e3o-residenciais. \u201cDesses mais de 10 mil im\u00f3veis, 266 s\u00e3o pr\u00e9dios p\u00fablicos e pouco mais de mil s\u00e3o templos religiosos, restando 6.736 estabelecimentos comerciais e de servi\u00e7os, justamente o p\u00fablico-alvo da fase econ\u00f4mica do censo. Os agentes de pesquisa obtiveram 92% de \u00eaxito nas entrevistas com esse p\u00fablico\u201d, destacou ela.<\/p>\n\n\n\n<p>Quanto \u00e0 fase domiciliar do Censo, Salete lembrou que o n\u00famero de agentes de pesquisa ser\u00e1 ampliado em 2023 e apresentou os dados j\u00e1 coletados na etapa amostral, conclu\u00edda nesta semana, em que foram visitados 14.293 domic\u00edlios, sendo 4.847 no distrito do Centro, 3.248 em Itaipua\u00e7u, 1.970 em Ino\u00e3 e 2.173 em Ponta Negra. \u201cApenas em 462 resid\u00eancias desse total os agentes n\u00e3o conseguiram falar com os moradores, o que leva a taxa de sucesso a 97%\u201d, celebrou.<\/p>\n\n\n\n<p>Em seguida, Diego falou sobre os processos de coopera\u00e7\u00e3o t\u00e9cnica para compartilhamento de dados pessoais sens\u00edveis com secretarias e outros \u00f3rg\u00e3os da administra\u00e7\u00e3o municipal e a elabora\u00e7\u00e3o de relat\u00f3rios para balizar as pol\u00edticas p\u00fablicas de combate \u00e0 inseguran\u00e7a alimentar e ao analfabetismo em Maric\u00e1. Ele tamb\u00e9m mencionou os projetos previstos para o pr\u00f3ximo ano, como a realiza\u00e7\u00e3o de pesquisas de perfil de consumo e or\u00e7amento familiar, de monitoramento de pre\u00e7os na cidade, o desenvolvimento de um \u00edndice de custo de vida maricaense e avalia\u00e7\u00e3o de pol\u00edticas p\u00fablicas como o Passaporte Universit\u00e1rio e o Qualifica Maric\u00e1.<\/p>\n\n\n\n<p>\u201cCom a entrada em vigor da Lei Geral de Prote\u00e7\u00e3o de Dados, precisamos sempre alinhar com os outros entes da administra\u00e7\u00e3o a maneira correta de usar os dados coletados pelos nossos pesquisadores, que n\u00e3o comprometa o direito \u00e0 privacidade dos entrevistados. Por sermos um dos poucos institutos municipais de pesquisa que efetivamente coletam dados, podemos abastecer a Secretaria de Planejamento, Or\u00e7amento e Fazenda com informa\u00e7\u00f5es sobre a informalidade dos empreendedores da cidade, ou o ICTIM com dados sobre analfabetismo, para ajustar o programa Sim, Eu Posso\u201d, disse Diego.<\/p>\n\n\n\n<p><strong>Programa Chegou a Sua Vez<\/strong><\/p>\n\n\n\n<p>Uma dessas iniciativas de combate \u00e0s desigualdades em curso no munic\u00edpio, o Programa Chegou a Sua Vez j\u00e1 concluiu as visitas a pessoas em vulnerabilidade social nas regi\u00f5es atendidas pelos Centros de Refer\u00eancia em Assist\u00eancia Social (CRAS) de Santa Paula (102 domic\u00edlios visitados) e Bosque Fundo (61 visitas). \u201cEsse trabalho deve ser conclu\u00eddo em toda a cidade em 2023, com visitas aos 3.265 domic\u00edlios mapeados nas regi\u00f5es dos demais CRAS, alcan\u00e7ando a meta da administra\u00e7\u00e3o municipal de incluir mais de 9 mil pessoas na rede de prote\u00e7\u00e3o social da cidade\u201d, explicou ele.<\/p>\n","protected":false},"excerpt":{"rendered":"<p>O Instituto Municipal de Informa\u00e7\u00e3o e Pesquisa Darcy Ribeiro \u2013 \u00f3rg\u00e3o da Prefeitura de Maric\u00e1 para coleta e an\u00e1lise de<\/p>\n","protected":false},"author":1,"featured_media":46980,"comment_status":"open","ping_status":"open","sticky":false,"template":"","format":"standard","meta":{"colormag_page_container_layout":"default_layout","colormag_page_sidebar_layout":"default_layout","footnotes":""},"categories":[18],"tags":[],"class_list":["post-46978","post","type-post","status-publish","format-standard","has-post-thumbnail","hentry","category-entretenimento"],"amp_enabled":true,"_links":{"self":[{"href":"https:\/\/maricatotal.com.br\/site\/wp-json\/wp\/v2\/posts\/46978","targetHints":{"allow":["GET"]}}],"collection":[{"href":"https:\/\/maricatotal.com.br\/site\/wp-json\/wp\/v2\/posts"}],"about":[{"href":"https:\/\/maricatotal.com.br\/site\/wp-json\/wp\/v2\/types\/post"}],"author":[{"embeddable":true,"href":"https:\/\/maricatotal.com.br\/site\/wp-json\/wp\/v2\/users\/1"}],"replies":[{"embeddable":true,"href":"https:\/\/maricatotal.com.br\/site\/wp-json\/wp\/v2\/comments?post=46978"}],"version-history":[{"count":1,"href":"https:\/\/maricatotal.com.br\/site\/wp-json\/wp\/v2\/posts\/46978\/revisions"}],"predecessor-version":[{"id":46981,"href":"https:\/\/maricatotal.com.br\/site\/wp-json\/wp\/v2\/posts\/46978\/revisions\/46981"}],"wp:featuredmedia":[{"embeddable":true,"href":"https:\/\/maricatotal.com.br\/site\/wp-json\/wp\/v2\/media\/46980"}],"wp:attachment":[{"href":"https:\/\/maricatotal.com.br\/site\/wp-json\/wp\/v2\/media?parent=46978"}],"wp:term":[{"taxonomy":"category","embeddable":true,"href":"https:\/\/maricatotal.com.br\/site\/wp-json\/wp\/v2\/categories?post=46978"},{"taxonomy":"post_tag","embeddable":true,"href":"https:\/\/maricatotal.com.br\/site\/wp-json\/wp\/v2\/tags?post=46978"}],"curies":[{"name":"wp","href":"https:\/\/api.w.org\/{rel}","templated":true}]}}