{"id":4717,"date":"2019-11-21T09:20:19","date_gmt":"2019-11-21T12:20:19","guid":{"rendered":"http:\/\/maricatotal.com.br\/site\/?p=4717"},"modified":"2019-11-21T09:20:21","modified_gmt":"2019-11-21T12:20:21","slug":"cadastro-de-novos-usuarios-do-cartao-mumbuca-comeca-com-grande-movimentacao-nas-escolas","status":"publish","type":"post","link":"https:\/\/maricatotal.com.br\/site\/2019\/11\/21\/cadastro-de-novos-usuarios-do-cartao-mumbuca-comeca-com-grande-movimentacao-nas-escolas\/","title":{"rendered":"CADASTRO DE NOVOS USU\u00c1RIOS DO CART\u00c3O MUMBUCA COME\u00c7A COM GRANDE MOVIMENTA\u00c7\u00c3O NAS ESCOLAS"},"content":{"rendered":"\n<figure class=\"wp-block-image size-large\"><img loading=\"lazy\" decoding=\"async\" width=\"696\" height=\"464\" src=\"http:\/\/maricatotal.com.br\/site\/wp-content\/uploads\/2019\/11\/2019_11_18_Cadastro_Cartao_Mumbuca-ELSSON-1168-696x464.jpg\" alt=\"\" class=\"wp-image-4718\" srcset=\"https:\/\/maricatotal.com.br\/site\/wp-content\/uploads\/2019\/11\/2019_11_18_Cadastro_Cartao_Mumbuca-ELSSON-1168-696x464.jpg 696w, https:\/\/maricatotal.com.br\/site\/wp-content\/uploads\/2019\/11\/2019_11_18_Cadastro_Cartao_Mumbuca-ELSSON-1168-696x464-300x200.jpg 300w\" sizes=\"auto, (max-width: 696px) 100vw, 696px\" \/><\/figure>\n\n\n\n<p>A Prefeitura deu in\u00edcio na manh\u00e3 da \u00faltima segunda-feira (18\/11) ao cadastro de novos usu\u00e1rios para o Cart\u00e3o Mumbuca do programa Renda B\u00e1sica de Cidadania, que oferecer\u00e1 todo m\u00eas um benef\u00edcio de 130 Mumbucas para cada pessoa inscrita no Cadastro \u00danico\u00a0para Programas Sociais\u00a0(Cad\u00fanico) do governo federal.<\/p>\n\n\n\n<p>\u201cEsse programa \u00e9 de extrema necessidade para garantir igualdade de renda, melhor qualidade de vida e mais cidadania para os moradores da cidade. Ser\u00e3o mais de 20 mil novos usu\u00e1rios o que totalizar\u00e1 em torno de 50 mil benefici\u00e1rios, um ter\u00e7o da popula\u00e7\u00e3o da cidade\u201d, afirmou o secret\u00e1rio&nbsp;de Economia Solid\u00e1ria, Diego Zeidan, acrescentando que o prazo para o cadastramento segue at\u00e9 o dia 27\/11, em 34 escolas nos quatro distritos do munic\u00edpio (regi\u00e3o central, Ino\u00e3, Itaipua\u00e7u e Ponta Negra).&nbsp;O programa movimenta o com\u00e9rcio local, gera emprego e traz dinamismo econ\u00f4mico para a cidade\u201d, acrescenta o secret\u00e1rio.&nbsp;<\/p>\n\n\n\n<p>Desempregada h\u00e1 pouco tempo, Jana\u00edna Ferreira de Souza, de 39 anos, moradora da Mumbuca, compareceu na E.M. Carlos Magno Legentil de Mattos, juntamente com sua filha Fernanda Souza da Concei\u00e7\u00e3o, de 18 anos, e sua neta Mariah Helena Souza Gon\u00e7alves, de apenas dois meses. \u201cPor conta da gesta\u00e7\u00e3o, minha filha n\u00e3o est\u00e1 trabalhando e estamos vivendo da venda dos meus bolos. Esse cart\u00e3o ser\u00e1 uma grande ajuda principalmente para comprar fraldas, frutas e o que minha neta precisar\u201d, ressaltou Jana\u00edna.<\/p>\n\n\n\n<p>A moradora do Bosque Fundo, Teresa Humberta Pires, de 64 anos, esteve na E. M. Prof\u00ba Darcy Ribeiro, em Ino\u00e3, para apresentar seus documentos. \u201cEsse benef\u00edcio me ajudar\u00e1 muito. Ganho, em m\u00e9dia, um sal\u00e1rio m\u00ednimo e mal consigo arcar com minhas despesas. Ent\u00e3o, esse benef\u00edcio ser\u00e1 muito bem-vindo\u201d, frisou.<\/p>\n\n\n\n<p>Com uma renda de um sal\u00e1rio m\u00ednimo por m\u00eas, fruto de um benef\u00edcio do INSS, Sebasti\u00e3o Estevam de Paula, de 66 anos, morador do Recanto de Itaipua\u00e7u enxerga o Cart\u00e3o Mumbuca como uma grande ajuda para o seu sustento. \u201cO que ganho mal consigo me alimentar e ainda tenho que comprar muitos rem\u00e9dios todo m\u00eas. Com esse benef\u00edcio poderei ter uma folga para me alimentar melhor\u201d, frisou Sebasti\u00e3o que fez o cadastramento na E. M. Jo\u00e3o Monteiro, em Itaipua\u00e7u.&nbsp; &nbsp;<\/p>\n\n\n\n<p>Tatiane Amorim, de 30 anos, moradora de Cordeirinho, recebe um sal\u00e1rio m\u00ednimo por m\u00eas e gasta R$ 350 com aluguel, al\u00e9m das contas de \u00e1gua, luz e as despesas com Sofia Vit\u00f3ria da Silva, de um m\u00eas de vida. \u201cN\u00e3o podia perder essa oportunidade. Preciso muito que tudo d\u00ea certo com meu cadastro. Esse benef\u00edcio nos ampara e nos d\u00e1 mais seguran\u00e7a\u201d, declarou Tatiane que se inscreveu na E. M. L\u00facio Thom\u00e9 Guerra Feteira.<\/p>\n\n\n\n<p>Para a moradora do Barroco, em Itaipua\u00e7u, Andreia de Siqueira Castro, de 50 anos, o Cart\u00e3o Mumbuca ajuda a complementar sua renda. \u201cN\u00e3o tenho uma renda fixa. Trabalho com artesanato, ent\u00e3o esse cart\u00e3o \u00e9 fundamental e auxiliar muito no meu dia a dia. Hoje o m\u00ednimo \u00e9 muito\u201d, destacou.<\/p>\n\n\n\n<p>Vale destacar que quem j\u00e1 recebe o benef\u00edcio do Cart\u00e3o Mumbuca n\u00e3o precisa participar do novo cadastro. E somente ser\u00e3o cadastradas pessoas que passarem pela triagem e preencherem os pr\u00e9-requisitos do programa.<\/p>\n\n\n\n<p>Para se cadastrar \u00e9 necess\u00e1rio ter a&nbsp;inscri\u00e7\u00e3o atualizada at\u00e9 30 de setembro de 2019 no Cadastro \u00danico (Cad\u00fanico) feito em um CRAS no munic\u00edpio e ser morador de Maric\u00e1 h\u00e1, no m\u00ednimo, tr\u00eas anos.&nbsp;No ato da inscri\u00e7\u00e3o dever\u00e3o ser apresentados os seguintes documentos: N\u00famero de inscri\u00e7\u00e3o \u2013 NIS; comprovante de resid\u00eancia atualizado e comprovante de resid\u00eancia que prove moradia em Maric\u00e1 h\u00e1 no m\u00ednimo tr\u00eas anos.<\/p>\n","protected":false},"excerpt":{"rendered":"<p>A Prefeitura deu in\u00edcio na manh\u00e3 da \u00faltima segunda-feira (18\/11) ao cadastro de novos usu\u00e1rios para o Cart\u00e3o Mumbuca do<\/p>\n","protected":false},"author":1,"featured_media":0,"comment_status":"open","ping_status":"open","sticky":false,"template":"","format":"standard","meta":{"colormag_page_container_layout":"default_layout","colormag_page_sidebar_layout":"default_layout","footnotes":""},"categories":[14,18],"tags":[],"class_list":["post-4717","post","type-post","status-publish","format-standard","hentry","category-bairros","category-entretenimento"],"amp_enabled":true,"_links":{"self":[{"href":"https:\/\/maricatotal.com.br\/site\/wp-json\/wp\/v2\/posts\/4717","targetHints":{"allow":["GET"]}}],"collection":[{"href":"https:\/\/maricatotal.com.br\/site\/wp-json\/wp\/v2\/posts"}],"about":[{"href":"https:\/\/maricatotal.com.br\/site\/wp-json\/wp\/v2\/types\/post"}],"author":[{"embeddable":true,"href":"https:\/\/maricatotal.com.br\/site\/wp-json\/wp\/v2\/users\/1"}],"replies":[{"embeddable":true,"href":"https:\/\/maricatotal.com.br\/site\/wp-json\/wp\/v2\/comments?post=4717"}],"version-history":[{"count":0,"href":"https:\/\/maricatotal.com.br\/site\/wp-json\/wp\/v2\/posts\/4717\/revisions"}],"wp:attachment":[{"href":"https:\/\/maricatotal.com.br\/site\/wp-json\/wp\/v2\/media?parent=4717"}],"wp:term":[{"taxonomy":"category","embeddable":true,"href":"https:\/\/maricatotal.com.br\/site\/wp-json\/wp\/v2\/categories?post=4717"},{"taxonomy":"post_tag","embeddable":true,"href":"https:\/\/maricatotal.com.br\/site\/wp-json\/wp\/v2\/tags?post=4717"}],"curies":[{"name":"wp","href":"https:\/\/api.w.org\/{rel}","templated":true}]}}