{"id":47182,"date":"2022-12-28T18:17:26","date_gmt":"2022-12-28T21:17:26","guid":{"rendered":"https:\/\/maricatotal.com.br\/site\/?p=47182"},"modified":"2023-01-04T01:07:52","modified_gmt":"2023-01-04T04:07:52","slug":"prefeitura-de-marica-monta-operacao-especial-para-o-reveillon-2023","status":"publish","type":"post","link":"https:\/\/maricatotal.com.br\/site\/2022\/12\/28\/prefeitura-de-marica-monta-operacao-especial-para-o-reveillon-2023\/","title":{"rendered":"Prefeitura de Maric\u00e1 monta opera\u00e7\u00e3o especial para o r\u00e9veillon 2023"},"content":{"rendered":"\n<p>A Prefeitura de Maric\u00e1 montou uma opera\u00e7\u00e3o especial para facilitar o deslocamento da popula\u00e7\u00e3o para a festa de r\u00e9veillon 2023, que acontece no s\u00e1bado (31\/12) em nove pontos da cidade: Ara\u00e7atiba, S\u00e3o Jos\u00e9 do Imbassa\u00ed (Amendoeiras), Parque Nanci, Guaratiba, Ponta Negra, Cordeirinho, Barra de Maric\u00e1, Jacaro\u00e1 e em Itaipua\u00e7u. O planejamento inclui altera\u00e7\u00f5es e bloqueios no tr\u00e2nsito de diversas vias, hor\u00e1rios extras dos \u00f4nibus vermelhinhos, fiscaliza\u00e7\u00e3o de ambulantes irregulares, al\u00e9m do servi\u00e7o de atendimento de urg\u00eancia e emerg\u00eancia.<\/p>\n\n\n\n<p>O evento pr\u00e9-r\u00e9veillon, que seria realizado na pr\u00f3xima sexta-feira (30\/12), na Barra de Maric\u00e1, reunindo apresenta\u00e7\u00f5es de dez escolas de samba e um baile funk da Furac\u00e3o 2000 foi adiado. A Secretaria de Participa\u00e7\u00e3o Popular, Direitos Humanos e Mulher divulgar\u00e1 a nova data em breve.<\/p>\n\n\n\n<p><strong>Altera\u00e7\u00f5es no tr\u00e2nsito e estacionamento<\/strong><\/p>\n\n\n\n<p>Para dar fluidez ao tr\u00e2nsito da cidade, a Secretaria de Tr\u00e2nsito e Engenharia Vi\u00e1ria (Sectran) vai realizar o fechamento de algumas vias. Orientadores estar\u00e3o nos pontos de bloqueio para orientar os motoristas. A a\u00e7\u00e3o contar\u00e1 com o efetivo de 76 agentes e oito viaturas.<\/p>\n\n\n\n<p>No Parque Nanci, o acesso ser\u00e1 interrompido nos cruzamentos da Av. dos Pombos com a Rua Condor, da Rua Condor com Rua Flamingos, da Rua das Gra\u00e7as com Rua Flamingos, da Rua Canarinhos com Rua Flamingos e da Av. dos pombos com a Rua das \u00c1guias.<\/p>\n\n\n\n<p>Em Itaipua\u00e7u, os bloqueios acontecem na Orla, no cruzamento da Av. Beira Mar com Rua Professor Cardoso de Menezes (antiga Rua 1) e na Rua 37 com Rua Professor Cardoso de Menezes. Em Cordeirinho, a passagem estar\u00e1 proibida na Av. Maysa, no trecho que compreende as Ruas 92 e Rua 93. Em Ponta Negra estar\u00e1 fechado um trecho da Rua Carolino Jos\u00e9 do Nascimento, que inclui as Ruas Santa Clara e a base dos Bombeiros. J\u00e1 na Barra de Maric\u00e1 apenas o acesso da Rua 13 com Av. Maysa estar\u00e1 fechado para a passagem de ve\u00edculos.<br>Na Rua \u00c1lvares de Castro (Centro), o fechamento acontece na altura da Boate Mahalu at\u00e9 o preenchimento das vagas de estacionamento que foram criadas para atender a demanda de moradores e visitantes na Rua Jovino Duarte de Oliveira, ao lado do F\u00f3rum e do aeroporto. Depois, o bloqueio segue para a Rua \u00c1lvares de Castro, na esquina com a Avenida Prefeito Odenir Francisco da Costa, onde est\u00e3o localizadas as est\u00e1tuas dos imortais.<\/p>\n\n\n\n<p>A Sectran tamb\u00e9m vai disponibilizar um estacionamento com cerca de 40 vagas no trecho entre a est\u00e1tua da sereia e a Pra\u00e7a Tiradentes (Ara\u00e7atiba), sendo que as primeiras vagas mais pr\u00f3ximas do evento ser\u00e3o destinadas especialmente a pessoas com defici\u00eancia (PCDs).<\/p>\n\n\n\n<p>Com o acesso restrito, os motoristas ter\u00e3o que acessar a Avenida Prefeito Odenir Francisco da Costa e seguir pela Avenida Prefeito Ivan Mundin, em dire\u00e7\u00e3o ao Boqueir\u00e3o. Vale destacar que algumas vias internas estar\u00e3o liberadas apenas para a passagem dos moradores, em hor\u00e1rios pr\u00e9-estabelecidos.<\/p>\n\n\n\n<p><strong>Seguran\u00e7a em todos os pontos de festa<\/strong><\/p>\n\n\n\n<p>A Secretaria de Ordem P\u00fablica e Gabinete Institucional (Seop) atuar\u00e1 no dia 31\/12 com mais de 160 agentes da Guarda Municipal e da Seop nas ruas para promover a seguran\u00e7a e o ordenamento urbano, com apoio de 39 viaturas, nos nove pontos de queima de fogos na cidade. O planejamento de seguran\u00e7a contar\u00e1 ainda com 327 c\u00e2meras, uma base m\u00f3vel de monitoramento e reboques. A Prefeitura abriu 135 vagas para policiais militares se inscreverem e atuarem no munic\u00edpio pelo Programa Estadual de Integra\u00e7\u00e3o na Seguran\u00e7a (Proeis) durante o r\u00e9veillon.<\/p>\n\n\n\n<p><strong>Coordenadoria de Posturas<\/strong><br>A Secretaria de Transportes, por meio da Coordenadoria de Posturas, vai atuar no dia 31\/12 com 176 agentes na fiscaliza\u00e7\u00e3o dos ambulantes credenciados e coibir a presen\u00e7a de vendedores irregulares nos nove pontos de festa e queima de fogos na cidade, da Orla das Amendoeiras a Ponta Negra. Vale lembrar que \u00e9 proibida a venda de bebidas em garrafas de vidro.<\/p>\n\n\n\n<p><strong>Atendimento de urg\u00eancia e emerg\u00eancia<\/strong><br>Durante a virada de ano, o Hospital Municipal Conde Modesto Leal (Centro), a Unidade de Pronto Atendimento (UPA) de Ino\u00e3, a Unidade de Sa\u00fade 24h Santa Rita (Itaipua\u00e7u) e o Servi\u00e7o de Atendimento M\u00f3vel de Urg\u00eancia (SAMU) permanecem funcionando 24 horas por dia.<\/p>\n\n\n\n<p>Endere\u00e7os:<br>Hospital Municipal Conde Modesto Leal \u2013 Rua Dom\u00edcio da Gama, 433 \u2013 Centro<br>UPA 24h de Ino\u00e3- Rua Euclides Paulo da Silva, s\/n \u2013 Ino\u00e3<br>Posto 24h Santa Rita \u2013 Rua 83, Lote Jardim Atl\u00e2ntico \u2013 s\/n \u2013 quadra 433 \u2013 Itaipua\u00e7u<br>SAMU \u2013 Em caso de emerg\u00eancia, disque o n\u00famero de telefone 192<\/p>\n\n\n\n<p><strong>EPT disponibiliza hor\u00e1rios extras dos vermelhinhos<\/strong><br>A Empresa P\u00fablica de Transporte (EPT) criou hor\u00e1rios extras dos \u00f4nibus para auxiliar no deslocamento da popula\u00e7\u00e3o para os pontos de queima de fogos na cidade. Os pontos de embarque e desembarque dos \u00f4nibus vermelhinhos n\u00e3o ser\u00e3o alterados. Para se deslocar at\u00e9 o Centro, os moradores dever\u00e3o embarcar no ponto de \u00f4nibus que est\u00e1 localizado em frente \u00e0 Lona Cultural Marielle Franco, em Barra de Maric\u00e1. J\u00e1 para seguir em dire\u00e7\u00e3o a Ponta Negra, os moradores dever\u00e3o aguardar os coletivos no ponto que fica perto da Rua 12.<\/p>\n\n\n\n<p>Para facilitar o acesso ao evento no dia 31\/12, a Empresa P\u00fablica de Transportes (EPT) vai disponibilizar \u00f4nibus extras nas linhas E02, E14A, E21, E23, E30, E30A e E31 que atendem os bairros de Jacon\u00e9, Itaipua\u00e7u, Ino\u00e3 e Centro.<\/p>\n\n\n\n<p>A EPT tamb\u00e9m alterou o hor\u00e1rio das vermelhinhas nos \u00faltimos dias do ano. No s\u00e1bado (31\/12), e no domingo (1\u00ba\/01), todas as esta\u00e7\u00f5es de bicicletas da cidade estar\u00e3o indispon\u00edveis.<\/p>\n\n\n\n<p><strong>Hor\u00e1rios extras no dia 31\/12<\/strong><\/p>\n\n\n\n<p>E02 \u2013 Ponta Negra (via Cordeirinho) \u2013 00h40\/ 01h\/ \/1h20\/ 1h40\/ 2h \/ 2h20 \/ 2h40<\/p>\n\n\n\n<p>E14A \u2013 Jacon\u00e9 (via Sacristia) \u2013 1h30<\/p>\n\n\n\n<p>E21 \u2013 Ino\u00e3 x Recanto (via Itaocaia) \u2013 2h<\/p>\n\n\n\n<p>E23 \u2013 Ino\u00e3 x Santa Paula \u2013 2h\/ 3h30<\/p>\n\n\n\n<p>E30 \u2013 Centro x Recanto (via Flamengo) \u2013 1h\/ 1h30\/ 2h\/ 2h30<\/p>\n\n\n\n<p>E30A \u2013 Centro x Recanto (via Avenida) \u2013 1h15\/ 1h45\/ 2h15\/ 2h45<\/p>\n\n\n\n<p>E31 \u2013 Centro x Rua 128 \u2013 1h10\/ 1h40\/ 2h10\/ 2h40<\/p>\n\n\n\n<p>As demais linhas dos vermelhinhos tamb\u00e9m poder\u00e3o contar com o refor\u00e7o de viagens extras, de acordo com a demanda, durante todo o per\u00edodo dos eventos.<\/p>\n","protected":false},"excerpt":{"rendered":"<p>A Prefeitura de Maric\u00e1 montou uma opera\u00e7\u00e3o especial para facilitar o deslocamento da popula\u00e7\u00e3o para a festa de r\u00e9veillon 2023,<\/p>\n","protected":false},"author":1,"featured_media":47174,"comment_status":"open","ping_status":"open","sticky":false,"template":"","format":"standard","meta":{"colormag_page_container_layout":"default_layout","colormag_page_sidebar_layout":"default_layout","footnotes":""},"categories":[1],"tags":[],"class_list":["post-47182","post","type-post","status-publish","format-standard","has-post-thumbnail","hentry","category-noticias"],"amp_enabled":true,"_links":{"self":[{"href":"https:\/\/maricatotal.com.br\/site\/wp-json\/wp\/v2\/posts\/47182","targetHints":{"allow":["GET"]}}],"collection":[{"href":"https:\/\/maricatotal.com.br\/site\/wp-json\/wp\/v2\/posts"}],"about":[{"href":"https:\/\/maricatotal.com.br\/site\/wp-json\/wp\/v2\/types\/post"}],"author":[{"embeddable":true,"href":"https:\/\/maricatotal.com.br\/site\/wp-json\/wp\/v2\/users\/1"}],"replies":[{"embeddable":true,"href":"https:\/\/maricatotal.com.br\/site\/wp-json\/wp\/v2\/comments?post=47182"}],"version-history":[{"count":1,"href":"https:\/\/maricatotal.com.br\/site\/wp-json\/wp\/v2\/posts\/47182\/revisions"}],"predecessor-version":[{"id":47184,"href":"https:\/\/maricatotal.com.br\/site\/wp-json\/wp\/v2\/posts\/47182\/revisions\/47184"}],"wp:featuredmedia":[{"embeddable":true,"href":"https:\/\/maricatotal.com.br\/site\/wp-json\/wp\/v2\/media\/47174"}],"wp:attachment":[{"href":"https:\/\/maricatotal.com.br\/site\/wp-json\/wp\/v2\/media?parent=47182"}],"wp:term":[{"taxonomy":"category","embeddable":true,"href":"https:\/\/maricatotal.com.br\/site\/wp-json\/wp\/v2\/categories?post=47182"},{"taxonomy":"post_tag","embeddable":true,"href":"https:\/\/maricatotal.com.br\/site\/wp-json\/wp\/v2\/tags?post=47182"}],"curies":[{"name":"wp","href":"https:\/\/api.w.org\/{rel}","templated":true}]}}