{"id":47186,"date":"2022-12-28T18:22:22","date_gmt":"2022-12-28T21:22:22","guid":{"rendered":"https:\/\/maricatotal.com.br\/site\/?p=47186"},"modified":"2023-01-04T01:07:56","modified_gmt":"2023-01-04T04:07:56","slug":"evento-de-pre-reveillon-na-barra-de-marica-e-cancelado","status":"publish","type":"post","link":"https:\/\/maricatotal.com.br\/site\/2022\/12\/28\/evento-de-pre-reveillon-na-barra-de-marica-e-cancelado\/","title":{"rendered":"Evento de pr\u00e9-r\u00e9veillon na Barra de Maric\u00e1 \u00e9 cancelado"},"content":{"rendered":"\n<p>O evento pr\u00e9-r\u00e9veillon, que seria realizado na pr\u00f3xima sexta-feira (30\/12), na Barra de Maric\u00e1 foi adiado. <\/p>\n\n\n\n<p>O evento seria realizado pela Prefeitura de Maric\u00e1 e reuniria apresenta\u00e7\u00f5es de dez escolas de samba e um baile funk da Furac\u00e3o 2000.<\/p>\n\n\n\n<p>A Secretaria de Participa\u00e7\u00e3o Popular, Direitos Humanos e Mulher divulgar\u00e1 a nova data em breve.<\/p>\n","protected":false},"excerpt":{"rendered":"<p>O evento pr\u00e9-r\u00e9veillon, que seria realizado na pr\u00f3xima sexta-feira (30\/12), na Barra de Maric\u00e1 foi adiado. O evento seria realizado<\/p>\n","protected":false},"author":1,"featured_media":46901,"comment_status":"open","ping_status":"open","sticky":false,"template":"","format":"standard","meta":{"colormag_page_container_layout":"default_layout","colormag_page_sidebar_layout":"default_layout","footnotes":""},"categories":[1],"tags":[],"class_list":["post-47186","post","type-post","status-publish","format-standard","has-post-thumbnail","hentry","category-noticias"],"amp_enabled":true,"_links":{"self":[{"href":"https:\/\/maricatotal.com.br\/site\/wp-json\/wp\/v2\/posts\/47186","targetHints":{"allow":["GET"]}}],"collection":[{"href":"https:\/\/maricatotal.com.br\/site\/wp-json\/wp\/v2\/posts"}],"about":[{"href":"https:\/\/maricatotal.com.br\/site\/wp-json\/wp\/v2\/types\/post"}],"author":[{"embeddable":true,"href":"https:\/\/maricatotal.com.br\/site\/wp-json\/wp\/v2\/users\/1"}],"replies":[{"embeddable":true,"href":"https:\/\/maricatotal.com.br\/site\/wp-json\/wp\/v2\/comments?post=47186"}],"version-history":[{"count":1,"href":"https:\/\/maricatotal.com.br\/site\/wp-json\/wp\/v2\/posts\/47186\/revisions"}],"predecessor-version":[{"id":47188,"href":"https:\/\/maricatotal.com.br\/site\/wp-json\/wp\/v2\/posts\/47186\/revisions\/47188"}],"wp:featuredmedia":[{"embeddable":true,"href":"https:\/\/maricatotal.com.br\/site\/wp-json\/wp\/v2\/media\/46901"}],"wp:attachment":[{"href":"https:\/\/maricatotal.com.br\/site\/wp-json\/wp\/v2\/media?parent=47186"}],"wp:term":[{"taxonomy":"category","embeddable":true,"href":"https:\/\/maricatotal.com.br\/site\/wp-json\/wp\/v2\/categories?post=47186"},{"taxonomy":"post_tag","embeddable":true,"href":"https:\/\/maricatotal.com.br\/site\/wp-json\/wp\/v2\/tags?post=47186"}],"curies":[{"name":"wp","href":"https:\/\/api.w.org\/{rel}","templated":true}]}}