{"id":4723,"date":"2019-11-21T06:42:21","date_gmt":"2019-11-21T12:42:21","guid":{"rendered":"http:\/\/maricatotal.com.br\/site\/?p=4723"},"modified":"2019-11-21T12:08:51","modified_gmt":"2019-11-21T15:08:51","slug":"esporte-clube-tera-transmissao-da-final-da-copa-libertadores-com-telao-de-led","status":"publish","type":"post","link":"https:\/\/maricatotal.com.br\/site\/2019\/11\/21\/esporte-clube-tera-transmissao-da-final-da-copa-libertadores-com-telao-de-led\/","title":{"rendered":"ESPORTE CLUBE TER\u00c1 TRANSMISS\u00c3O DA FINAL DA COPA LIBERTADORES COM TEL\u00c3O DE LED"},"content":{"rendered":"\n<figure class=\"wp-block-image size-large\"><img loading=\"lazy\" decoding=\"async\" width=\"1024\" height=\"1024\" src=\"http:\/\/maricatotal.com.br\/site\/wp-content\/uploads\/2019\/11\/WhatsApp-Image-2019-11-16-at-20.31.01-1024x1024.jpeg\" alt=\"\" class=\"wp-image-4724\" srcset=\"https:\/\/maricatotal.com.br\/site\/wp-content\/uploads\/2019\/11\/WhatsApp-Image-2019-11-16-at-20.31.01-1024x1024.jpeg 1024w, https:\/\/maricatotal.com.br\/site\/wp-content\/uploads\/2019\/11\/WhatsApp-Image-2019-11-16-at-20.31.01-300x300.jpeg 300w, https:\/\/maricatotal.com.br\/site\/wp-content\/uploads\/2019\/11\/WhatsApp-Image-2019-11-16-at-20.31.01-150x150.jpeg 150w, https:\/\/maricatotal.com.br\/site\/wp-content\/uploads\/2019\/11\/WhatsApp-Image-2019-11-16-at-20.31.01-768x768.jpeg 768w, https:\/\/maricatotal.com.br\/site\/wp-content\/uploads\/2019\/11\/WhatsApp-Image-2019-11-16-at-20.31.01-400x400.jpeg 400w, https:\/\/maricatotal.com.br\/site\/wp-content\/uploads\/2019\/11\/WhatsApp-Image-2019-11-16-at-20.31.01-500x500.jpeg 500w, https:\/\/maricatotal.com.br\/site\/wp-content\/uploads\/2019\/11\/WhatsApp-Image-2019-11-16-at-20.31.01.jpeg 1080w\" sizes=\"auto, (max-width: 1024px) 100vw, 1024px\" \/><\/figure>\n\n\n\n<p>No pr\u00f3ximo s\u00e1bado (23), o Flamengo ir\u00e1 enfrentar o River Plate pela Final da Copa Libertadores da Am\u00e9rica, em Lima, no Peru, \u00e0s 17h. O jogo ser\u00e1 transmitido em um Tel\u00e3o de Led no Esporte Clube Maric\u00e1, o maior da cidade.<\/p>\n\n\n\n<p>Com muito pagode e funk, o evento ter\u00e1 inicio \u00e0s 14h com a entrada gratuita at\u00e9 o t\u00e9rmino do jogo. <\/p>\n\n\n\n<p>Pagode do Adame, Grupo Kontagi\u00f4 e os Dj&#8217;s CL de Maric\u00e1 e Buiu estar\u00e3o presentes para animar o evento, que ter\u00e1 diversas promo\u00e7\u00f5es de bebidas e copos personalizados com o rosto dos jogadores do Flamengo. <\/p>\n","protected":false},"excerpt":{"rendered":"<p>No pr\u00f3ximo s\u00e1bado (23), o Flamengo ir\u00e1 enfrentar o River Plate pela Final da Copa Libertadores da Am\u00e9rica, em Lima,<\/p>\n","protected":false},"author":1,"featured_media":0,"comment_status":"open","ping_status":"open","sticky":false,"template":"","format":"standard","meta":{"colormag_page_container_layout":"default_layout","colormag_page_sidebar_layout":"default_layout","footnotes":""},"categories":[18,15],"tags":[],"class_list":["post-4723","post","type-post","status-publish","format-standard","hentry","category-entretenimento","category-esporte"],"amp_enabled":true,"_links":{"self":[{"href":"https:\/\/maricatotal.com.br\/site\/wp-json\/wp\/v2\/posts\/4723","targetHints":{"allow":["GET"]}}],"collection":[{"href":"https:\/\/maricatotal.com.br\/site\/wp-json\/wp\/v2\/posts"}],"about":[{"href":"https:\/\/maricatotal.com.br\/site\/wp-json\/wp\/v2\/types\/post"}],"author":[{"embeddable":true,"href":"https:\/\/maricatotal.com.br\/site\/wp-json\/wp\/v2\/users\/1"}],"replies":[{"embeddable":true,"href":"https:\/\/maricatotal.com.br\/site\/wp-json\/wp\/v2\/comments?post=4723"}],"version-history":[{"count":0,"href":"https:\/\/maricatotal.com.br\/site\/wp-json\/wp\/v2\/posts\/4723\/revisions"}],"wp:attachment":[{"href":"https:\/\/maricatotal.com.br\/site\/wp-json\/wp\/v2\/media?parent=4723"}],"wp:term":[{"taxonomy":"category","embeddable":true,"href":"https:\/\/maricatotal.com.br\/site\/wp-json\/wp\/v2\/categories?post=4723"},{"taxonomy":"post_tag","embeddable":true,"href":"https:\/\/maricatotal.com.br\/site\/wp-json\/wp\/v2\/tags?post=4723"}],"curies":[{"name":"wp","href":"https:\/\/api.w.org\/{rel}","templated":true}]}}