{"id":4755,"date":"2019-11-21T17:00:08","date_gmt":"2019-11-21T20:00:08","guid":{"rendered":"http:\/\/maricatotal.com.br\/site\/?p=4755"},"modified":"2019-11-21T17:00:11","modified_gmt":"2019-11-21T20:00:11","slug":"ept-inaugura-nova-linha-de-onibus-ate-ponta-negra","status":"publish","type":"post","link":"https:\/\/maricatotal.com.br\/site\/2019\/11\/21\/ept-inaugura-nova-linha-de-onibus-ate-ponta-negra\/","title":{"rendered":"EPT INAUGURA NOVA LINHA DE \u00d4NIBUS AT\u00c9 PONTA NEGRA"},"content":{"rendered":"\n<figure class=\"wp-block-image size-large\"><img loading=\"lazy\" decoding=\"async\" width=\"1024\" height=\"682\" src=\"http:\/\/maricatotal.com.br\/site\/wp-content\/uploads\/2019\/11\/3598B164-CFA8-46BF-A9EF-D52B6311D1DC-1024x682.jpeg\" alt=\"\" class=\"wp-image-4756\" srcset=\"https:\/\/maricatotal.com.br\/site\/wp-content\/uploads\/2019\/11\/3598B164-CFA8-46BF-A9EF-D52B6311D1DC-1024x682.jpeg 1024w, https:\/\/maricatotal.com.br\/site\/wp-content\/uploads\/2019\/11\/3598B164-CFA8-46BF-A9EF-D52B6311D1DC-300x200.jpeg 300w, https:\/\/maricatotal.com.br\/site\/wp-content\/uploads\/2019\/11\/3598B164-CFA8-46BF-A9EF-D52B6311D1DC-768x512.jpeg 768w, https:\/\/maricatotal.com.br\/site\/wp-content\/uploads\/2019\/11\/3598B164-CFA8-46BF-A9EF-D52B6311D1DC.jpeg 1280w\" sizes=\"auto, (max-width: 1024px) 100vw, 1024px\" \/><\/figure>\n\n\n\n<p>A Empresa P\u00fablica de Transporte (EPT) inaugurou nesta quarta-feira (20\/11), feriado da Consci\u00eancia Negra, mais uma nova linha do programa Tarifa Zero. Trata-se da E09, Centro x Ponte Preta (Via Jacaro\u00e1).&nbsp;A inclus\u00e3o deste novo itiner\u00e1rio faz parte do projeto de amplia\u00e7\u00e3o das linhas operadas pela autarquia, que tem como objetivo atender a todos os bairros do munic\u00edpio.<\/p>\n\n\n\n<p>\u201cA nova linha atende com mais efici\u00eancia a popula\u00e7\u00e3o da regi\u00e3o de Ponte Preta, Caju e Jacaro\u00e1, proporcionando mais conforto e comodidade para quem utiliza o transporte p\u00fablico\u201d, explica o presidente da EPT, Celso Haddad.<\/p>\n\n\n\n<p>Com as rotas iniciando e finalizando o percurso no Terminal Rodovi\u00e1rio (localizado na Avenida Roberto Silveira, Centro de Maric\u00e1), os oito hor\u00e1rios programados ser\u00e3o \u00fanicos, inclusive para fins de semana e feriados.<\/p>\n\n\n\n<p>As moradoras de Jacaro\u00e1, Renata Marques, de 37 anos, e sua m\u00e3e \u00c2ngela Regina Marques, de 57 anos, falaram da realiza\u00e7\u00e3o de um antigo sonho. \u201cEsperava h\u00e1 tempos por essa not\u00edcia. Precisava pegar um \u00f4nibus e depois andar mais de 15 minutos a p\u00e9. Essa linha facilitou muito minha vida\u201d, destacou Renata. Para \u00c2ngela Regina, os \u00f4nibus \u201cTarifa Zero\u201d garantem uma grande economia no fim do m\u00eas. \u201cSe fizermos uma conta por alto, o \u00f4nibus municipal cobra R$3,70 por viagem. O que economizo por dia com os \u00f4nibus de gra\u00e7a me permite ir ao mercado, pagar contas e comprar rem\u00e9dios\u201d, explicou.<\/p>\n\n\n\n<p>Morador do Parque Nanci, Thiago Oliveira, de 23 anos, aproveitou o feriado para trazer o amigo Maycon Jefferson da Cunha, morador de Nil\u00f3polis, para conhecer o programa Tarifa Zero. \u201cSensacional essa oportunidade do morador ir e vir sem precisar pagar nada. Fiz quest\u00e3o de vir conhecer e adorei. Quem dera que todas as cidades pudessem oferecer isso para seu morador\u201d, declarou Maycon.<\/p>\n\n\n\n<p>O estudante e morador da Gamboa, Luzivan dos Santos, de 18 anos, ressaltou a import\u00e2ncia da nova linha. \u201cVai ajudar muito para eu ir para a escola e o melhor sem precisar pagar nada. Gastaria muito dinheiro se precisasse pagar passagem e nem sei se poderia continuar estudando\u201d, frisou.<\/p>\n\n\n\n<p>Maric\u00e1 \u00e9 o primeiro munic\u00edpio brasileiro com mais de 100 mil habitantes a oferecer \u00f4nibus gratuito para a popula\u00e7\u00e3o, com projetos em andamento para a expans\u00e3o da presta\u00e7\u00e3o de servi\u00e7os. Desde 2014, quando entrou em opera\u00e7\u00e3o, a frota de vermelhinhos da EPT transportou mais de 15 milh\u00f5es de passageiros. Por dia, o sistema transporta 17 mil passageiros. O programa Tarifa Zero tamb\u00e9m \u00e9 uma refer\u00eancia internacional: primeira cidade europeia a contar com o transporte p\u00fablico gratuito para a popula\u00e7\u00e3o, Tallin, capital da Est\u00f4nia, usa o Tarifa Zero de Maric\u00e1 como refer\u00eancia.<\/p>\n\n\n\n<p><strong>Hor\u00e1rios&nbsp;<\/strong><\/p>\n\n\n\n<p>Manh\u00e3: 5h20 \u2013 07h30 \u2013 09h40<\/p>\n\n\n\n<p>Tarde: 12h \u2013 14h10 \u2013 16h20<\/p>\n\n\n\n<p>Noite: 18h30 \u2013 21h<\/p>\n\n\n\n<p><strong>Confira o itiner\u00e1rio:&nbsp;<\/strong><\/p>\n\n\n\n<p><strong>E09 \u2013 Centro X Ponte Preta (Via Jacaro\u00e1)<\/strong><\/p>\n\n\n\n<p>Ida: Rodovi\u00e1ria \u2013 AV. Roberto Silveira \u2013 Rua Abreu Sodr\u00e9 \u2013 Rua Abreu Rangel \u2013 Rua Dom\u00edcio da Gama \u2013 Rua Padre Arlindo Vieira \u2013 Rua Cl\u00edmaco Pereira \u2013 Rua Prefeito Joaquim Mendes \u2013 Estrada do Jacaro\u00e1 \u2013 Pra\u00e7a do Nen\u00e9m \u2013 Rua Ouv\u00eddio Souza \u2013 Avenida Di\u00f3genes Paula Costa (Av. Lagomar) \u2013 Estrada do Caju \u2013 Estrada da Gamboa \u2013 Avenida Um \u2013 Rua Cento e Dez \u2013 Estrada da Ponte Preta \u2013 Rotat\u00f3ria Ponte Preta.<\/p>\n\n\n\n<p>Volta: Estrada da Ponte Preta \u2013 Rua Cento e Dez \u2013 Avenida Um \u2013 Estrada da Gamboa \u2013 Estrada do Caju \u2013 Avenida Di\u00f3genes Paula Costa (Av. Lagomar) \u2013 Rua Ouv\u00eddio Souza \u2013 Pra\u00e7a do Nen\u00e9m \u2013 Estrada do Jacaro\u00e1 \u2013 Rua Prefeito Joaquim Mendes \u2013 Rua Luiz Fernando dos S. Caetano \u2013 Rua Cl\u00edmaco Pereira \u2013 Rua Dom\u00edcio da Gama \u2013 Rua Ribeiro de Almeida \u2013 Pra\u00e7a do Turismo \u2013 Av. Roberto Silveira \u2013 Rodovi\u00e1ria.<\/p>\n","protected":false},"excerpt":{"rendered":"<p>A Empresa P\u00fablica de Transporte (EPT) inaugurou nesta quarta-feira (20\/11), feriado da Consci\u00eancia Negra, mais uma nova linha do programa<\/p>\n","protected":false},"author":1,"featured_media":0,"comment_status":"open","ping_status":"open","sticky":false,"template":"","format":"standard","meta":{"colormag_page_container_layout":"default_layout","colormag_page_sidebar_layout":"default_layout","footnotes":""},"categories":[14],"tags":[],"class_list":["post-4755","post","type-post","status-publish","format-standard","hentry","category-bairros"],"amp_enabled":true,"_links":{"self":[{"href":"https:\/\/maricatotal.com.br\/site\/wp-json\/wp\/v2\/posts\/4755","targetHints":{"allow":["GET"]}}],"collection":[{"href":"https:\/\/maricatotal.com.br\/site\/wp-json\/wp\/v2\/posts"}],"about":[{"href":"https:\/\/maricatotal.com.br\/site\/wp-json\/wp\/v2\/types\/post"}],"author":[{"embeddable":true,"href":"https:\/\/maricatotal.com.br\/site\/wp-json\/wp\/v2\/users\/1"}],"replies":[{"embeddable":true,"href":"https:\/\/maricatotal.com.br\/site\/wp-json\/wp\/v2\/comments?post=4755"}],"version-history":[{"count":0,"href":"https:\/\/maricatotal.com.br\/site\/wp-json\/wp\/v2\/posts\/4755\/revisions"}],"wp:attachment":[{"href":"https:\/\/maricatotal.com.br\/site\/wp-json\/wp\/v2\/media?parent=4755"}],"wp:term":[{"taxonomy":"category","embeddable":true,"href":"https:\/\/maricatotal.com.br\/site\/wp-json\/wp\/v2\/categories?post=4755"},{"taxonomy":"post_tag","embeddable":true,"href":"https:\/\/maricatotal.com.br\/site\/wp-json\/wp\/v2\/tags?post=4755"}],"curies":[{"name":"wp","href":"https:\/\/api.w.org\/{rel}","templated":true}]}}