{"id":47612,"date":"2023-01-11T09:25:38","date_gmt":"2023-01-11T12:25:38","guid":{"rendered":"https:\/\/maricatotal.com.br\/site\/?p=47612"},"modified":"2023-01-11T09:25:39","modified_gmt":"2023-01-11T12:25:39","slug":"politicas-inclusivas-leva-acao-inclusiva-itinerante-ao-condominio-minha-casa-minha-vida-de-itaipuacu","status":"publish","type":"post","link":"https:\/\/maricatotal.com.br\/site\/2023\/01\/11\/politicas-inclusivas-leva-acao-inclusiva-itinerante-ao-condominio-minha-casa-minha-vida-de-itaipuacu\/","title":{"rendered":"Pol\u00edticas Inclusivas leva a\u00e7\u00e3o inclusiva itinerante ao condom\u00ednio Minha Casa Minha Vida de Itaipua\u00e7u"},"content":{"rendered":"\n<p>A Prefeitura de Maric\u00e1, por meio da Secretaria de Pol\u00edticas Inclusivas, realizou nesta ter\u00e7a-feira (10\/01), no Condom\u00ednio Minnha Casa Minha Vida (MCMV) de Itaipua\u00e7u, mais uma a\u00e7\u00e3o do programa SPIN Itinerante, que proporciona uma s\u00e9rie de servi\u00e7os para pessoas egressas do sistema penitenci\u00e1rio e suas fam\u00edlias, como retirada de documentos, atendimento psicossocial, orienta\u00e7\u00e3o jur\u00eddica e orienta\u00e7\u00e3o nutricional e psicol\u00f3gica.<\/p>\n\n\n\n<p>A a\u00e7\u00e3o, que tamb\u00e9m foi levada para o Minha Casa Minha Vida de Ino\u00e3 na quinta-feira (05\/11), realizou mais de 150 atendimentos nesses dois locais. Diversos servi\u00e7os foram ofertados como os do Escrit\u00f3rio Social, do N\u00facleo de Avalia\u00e7\u00e3o e Orienta\u00e7\u00e3o Nutricional, do N\u00facleo de Orienta\u00e7\u00e3o Jur\u00eddica e do Psicovida. Os atendidos foram encaminhados para atendimento psicossocial, orienta\u00e7\u00e3o jur\u00eddica, retirada de documentos, entre outros.<\/p>\n\n\n\n<p>\u201cOs equipamentos da Secretaria de Pol\u00edticas Inclusivas d\u00e3o um suporte aos condom\u00ednios MCMV de Ino\u00e3 e de Itaipua\u00e7u e disponibilizam os importantes cuidados ofertados \u00e0 popula\u00e7\u00e3o local. N\u00f3s sabemos o quanto \u00e9 importante que cada cidad\u00e3o tenha os seus documentos pessoais\u201d, disse a coordenadora do programa Escrit\u00f3rio Social de Maric\u00e1, Eliane Ferraz.<\/p>\n\n\n\n<p>Jos\u00e9 Est\u00e1cio da Silva, 85 anos, contou que conseguiu resolver suas pend\u00eancias sobre docunenta\u00e7\u00e3o. \u201cHoje consegui encaminhar todos as documenta\u00e7\u00f5es que eu precisava trocar, solicitei vaga para voltar a estudar e fazer um curso. Estou muito lisonjeado e grato pela oportunidade. Fui muito bem atendido pela equipe\u201d, afirmou.<\/p>\n\n\n\n<p>Jessica Oliveira tamb\u00e9m foi atendida pelo SPIN. \u201cResolvi meus documentos de forma r\u00e1pida e quase sem sair de casa. Hoje resolvi meus documentos e a identidade do meu filho\u201d, comentou a moradora do conjunto residencial Carlos Marighella.<\/p>\n\n\n\n<p>Para ser atendido o cidad\u00e3o deve comparecer com a certid\u00e3o (de nascimento ou casamento) correspondente ao estado civil atual. O documento n\u00e3o pode ser manuscrito, conter manchas, rasuras, estar plastificado ou amassado. Os documentos encaminhados durante a a\u00e7\u00e3o poder\u00e3o ser retirados, ap\u00f3s contato da equipe do projeto, na sede da Secretaria de Pol\u00edticas Inclusivas na Rua Ant\u00f4nio Vieira Sobrinho, n\u00ba 333, Parque Eldorado, Maric\u00e1\/RJ. Mais informa\u00e7\u00f5es pelo telefone (21) 96736-8781 ou pelo e-mail escrit\u00f3riosocial@marica.rj.gov.br<\/p>\n\n\n\n<p>Sobre a Secretaria de Pol\u00edticas Inclusivas<\/p>\n\n\n\n<p>A Secretaria de Pol\u00edticas Inclusivas tem o objetivo de viabilizar a oferta de oportunidades iguais de acesso a bens e servi\u00e7os a todas as pessoas e proporcionar inclus\u00e3o social. Para isso, realiza uma s\u00e9rie de a\u00e7\u00f5es e projetos voltados para pessoas que, de alguma forma, sofrem algum tipo de exclus\u00e3o, como pessoas com defici\u00eancia, negros, ind\u00edgenas, mulheres, comunidade LGBTQIA+, egressos do sistema prisional e seus familiares, pessoas que necessitam de apoio psicol\u00f3gico e pessoas em vulnerabilidade social.<\/p>\n\n\n\n<p>A pasta possui tr\u00eas equipamentos e sete n\u00facleos de trabalhos espec\u00edficos, s\u00e3o eles: Psicovida, Escrit\u00f3rio Social, Centro de Refer\u00eancias em Pol\u00edticas Inclusivas (CRPI), N\u00facleo de Orienta\u00e7\u00e3o Jur\u00eddica, N\u00facleo de Acolhimento, N\u00facleo de Seguran\u00e7a Alimentar, N\u00facleo de Assuntos Urgentes e Divulga\u00e7\u00e3o de Trabalhos Externos, N\u00facleo de Busca Ativa e Cuidados com a Popula\u00e7\u00e3o de Rua, N\u00facleo de Articula\u00e7\u00f5es com as Minorias e N\u00facleo de Capta\u00e7\u00e3o de Vagas de Empregos e Di\u00e1logos com o Empresariado.<\/p>\n","protected":false},"excerpt":{"rendered":"<p>A Prefeitura de Maric\u00e1, por meio da Secretaria de Pol\u00edticas Inclusivas, realizou nesta ter\u00e7a-feira (10\/01), no Condom\u00ednio Minnha Casa Minha<\/p>\n","protected":false},"author":1,"featured_media":47614,"comment_status":"open","ping_status":"open","sticky":false,"template":"","format":"standard","meta":{"colormag_page_container_layout":"default_layout","colormag_page_sidebar_layout":"default_layout","footnotes":""},"categories":[1],"tags":[],"class_list":["post-47612","post","type-post","status-publish","format-standard","has-post-thumbnail","hentry","category-noticias"],"amp_enabled":true,"_links":{"self":[{"href":"https:\/\/maricatotal.com.br\/site\/wp-json\/wp\/v2\/posts\/47612","targetHints":{"allow":["GET"]}}],"collection":[{"href":"https:\/\/maricatotal.com.br\/site\/wp-json\/wp\/v2\/posts"}],"about":[{"href":"https:\/\/maricatotal.com.br\/site\/wp-json\/wp\/v2\/types\/post"}],"author":[{"embeddable":true,"href":"https:\/\/maricatotal.com.br\/site\/wp-json\/wp\/v2\/users\/1"}],"replies":[{"embeddable":true,"href":"https:\/\/maricatotal.com.br\/site\/wp-json\/wp\/v2\/comments?post=47612"}],"version-history":[{"count":1,"href":"https:\/\/maricatotal.com.br\/site\/wp-json\/wp\/v2\/posts\/47612\/revisions"}],"predecessor-version":[{"id":47615,"href":"https:\/\/maricatotal.com.br\/site\/wp-json\/wp\/v2\/posts\/47612\/revisions\/47615"}],"wp:featuredmedia":[{"embeddable":true,"href":"https:\/\/maricatotal.com.br\/site\/wp-json\/wp\/v2\/media\/47614"}],"wp:attachment":[{"href":"https:\/\/maricatotal.com.br\/site\/wp-json\/wp\/v2\/media?parent=47612"}],"wp:term":[{"taxonomy":"category","embeddable":true,"href":"https:\/\/maricatotal.com.br\/site\/wp-json\/wp\/v2\/categories?post=47612"},{"taxonomy":"post_tag","embeddable":true,"href":"https:\/\/maricatotal.com.br\/site\/wp-json\/wp\/v2\/tags?post=47612"}],"curies":[{"name":"wp","href":"https:\/\/api.w.org\/{rel}","templated":true}]}}