{"id":4764,"date":"2019-11-21T19:58:36","date_gmt":"2019-11-21T22:58:36","guid":{"rendered":"http:\/\/maricatotal.com.br\/site\/?p=4764"},"modified":"2019-11-21T19:58:38","modified_gmt":"2019-11-21T22:58:38","slug":"ruas-de-inoa-spar-e-itaipuacu-recebem-asfalto","status":"publish","type":"post","link":"https:\/\/maricatotal.com.br\/site\/2019\/11\/21\/ruas-de-inoa-spar-e-itaipuacu-recebem-asfalto\/","title":{"rendered":"RUAS DE INO\u00c3, SPAR E ITAIPUA\u00c7U RECEBEM ASFALTO"},"content":{"rendered":"\n<figure class=\"wp-block-image size-large\"><img loading=\"lazy\" decoding=\"async\" width=\"1024\" height=\"576\" src=\"http:\/\/maricatotal.com.br\/site\/wp-content\/uploads\/2019\/11\/WhatsApp-Image-2019-11-21-at-15.29.51-1024x576.jpeg\" alt=\"\" class=\"wp-image-4765\" srcset=\"https:\/\/maricatotal.com.br\/site\/wp-content\/uploads\/2019\/11\/WhatsApp-Image-2019-11-21-at-15.29.51-1024x576.jpeg 1024w, https:\/\/maricatotal.com.br\/site\/wp-content\/uploads\/2019\/11\/WhatsApp-Image-2019-11-21-at-15.29.51-300x169.jpeg 300w, https:\/\/maricatotal.com.br\/site\/wp-content\/uploads\/2019\/11\/WhatsApp-Image-2019-11-21-at-15.29.51-768x432.jpeg 768w, https:\/\/maricatotal.com.br\/site\/wp-content\/uploads\/2019\/11\/WhatsApp-Image-2019-11-21-at-15.29.51-1536x864.jpeg 1536w, https:\/\/maricatotal.com.br\/site\/wp-content\/uploads\/2019\/11\/WhatsApp-Image-2019-11-21-at-15.29.51.jpeg 1600w\" sizes=\"auto, (max-width: 1024px) 100vw, 1024px\" \/><\/figure>\n\n\n\n<p>A Prefeitura continuou com ritmo acelerado no programa de pavimenta\u00e7\u00e3o de ruas da cidade. Nesta quinta-feira (21\/11), equipes da autarquia Servi\u00e7os de Obras de Maric\u00e1 (Somar) estiveram nas ruas Um e Ipiranga, em Ino\u00e3, e na rua Jo\u00e3o Manoel Ribeiro, no Spar. Ao todo foram mais de 800 metros de pavimenta\u00e7\u00e3o.<\/p>\n\n\n\n<p>Para o comerciante Ademir Souza, morador de Ino\u00e3, a vantagem j\u00e1 pode ser percebida. \u201cO asfalto j\u00e1 \u00e9 uma melhoria para todo mundo que mora aqui. Agora n\u00e3o precisamos mais ter preocupa\u00e7\u00e3o com dias de chuva\u201d, comentou.<\/p>\n\n\n\n<p>A vendedora Maria de F\u00e1tima Lima, de 60 anos, mora na rua Ipiranga e tamb\u00e9m aprovou a novidade. \u201cEu n\u00e3o tenho d\u00favidas de que as coisas v\u00e3o mudar para melhor aqui, o asfalto vai mudar a nossa vida\u201d, disse.&nbsp; A Rua 27, em Itaipua\u00e7u, Costa Verde, tamb\u00e9m foi contemplada desta vez com asfalto em sua totalidade.<\/p>\n\n\n\n<p>Al\u00e9m desse trabalho, as equipes da opera\u00e7\u00e3o Tapa Buraco da Somar atuaram tamb\u00e9m na RJ-106, em Ino\u00e3 e na recupera\u00e7\u00e3o do pavimento da pequena ponte no Parque Nanci.<\/p>\n","protected":false},"excerpt":{"rendered":"<p>A Prefeitura continuou com ritmo acelerado no programa de pavimenta\u00e7\u00e3o de ruas da cidade. Nesta quinta-feira (21\/11), equipes da autarquia<\/p>\n","protected":false},"author":1,"featured_media":0,"comment_status":"open","ping_status":"open","sticky":false,"template":"","format":"standard","meta":{"colormag_page_container_layout":"default_layout","colormag_page_sidebar_layout":"default_layout","footnotes":""},"categories":[14],"tags":[],"class_list":["post-4764","post","type-post","status-publish","format-standard","hentry","category-bairros"],"amp_enabled":true,"_links":{"self":[{"href":"https:\/\/maricatotal.com.br\/site\/wp-json\/wp\/v2\/posts\/4764","targetHints":{"allow":["GET"]}}],"collection":[{"href":"https:\/\/maricatotal.com.br\/site\/wp-json\/wp\/v2\/posts"}],"about":[{"href":"https:\/\/maricatotal.com.br\/site\/wp-json\/wp\/v2\/types\/post"}],"author":[{"embeddable":true,"href":"https:\/\/maricatotal.com.br\/site\/wp-json\/wp\/v2\/users\/1"}],"replies":[{"embeddable":true,"href":"https:\/\/maricatotal.com.br\/site\/wp-json\/wp\/v2\/comments?post=4764"}],"version-history":[{"count":0,"href":"https:\/\/maricatotal.com.br\/site\/wp-json\/wp\/v2\/posts\/4764\/revisions"}],"wp:attachment":[{"href":"https:\/\/maricatotal.com.br\/site\/wp-json\/wp\/v2\/media?parent=4764"}],"wp:term":[{"taxonomy":"category","embeddable":true,"href":"https:\/\/maricatotal.com.br\/site\/wp-json\/wp\/v2\/categories?post=4764"},{"taxonomy":"post_tag","embeddable":true,"href":"https:\/\/maricatotal.com.br\/site\/wp-json\/wp\/v2\/tags?post=4764"}],"curies":[{"name":"wp","href":"https:\/\/api.w.org\/{rel}","templated":true}]}}