{"id":4767,"date":"2019-11-21T20:00:23","date_gmt":"2019-11-21T23:00:23","guid":{"rendered":"http:\/\/maricatotal.com.br\/site\/?p=4767"},"modified":"2019-11-21T20:00:25","modified_gmt":"2019-11-21T23:00:25","slug":"magia-e-encanto-no-primeiro-dia-do-desfile-de-natal-em-aracatiba","status":"publish","type":"post","link":"https:\/\/maricatotal.com.br\/site\/2019\/11\/21\/magia-e-encanto-no-primeiro-dia-do-desfile-de-natal-em-aracatiba\/","title":{"rendered":"MAGIA E ENCANTO NO PRIMEIRO DIA DO DESFILE DE NATAL EM ARA\u00c7ATIBA"},"content":{"rendered":"\n<figure class=\"wp-block-image size-large\"><img loading=\"lazy\" decoding=\"async\" width=\"1024\" height=\"682\" src=\"http:\/\/maricatotal.com.br\/site\/wp-content\/uploads\/2019\/11\/WhatsApp-Image-2019-11-20-at-22.42.45-1024x682.jpeg\" alt=\"\" class=\"wp-image-4768\" srcset=\"https:\/\/maricatotal.com.br\/site\/wp-content\/uploads\/2019\/11\/WhatsApp-Image-2019-11-20-at-22.42.45-1024x682.jpeg 1024w, https:\/\/maricatotal.com.br\/site\/wp-content\/uploads\/2019\/11\/WhatsApp-Image-2019-11-20-at-22.42.45-300x200.jpeg 300w, https:\/\/maricatotal.com.br\/site\/wp-content\/uploads\/2019\/11\/WhatsApp-Image-2019-11-20-at-22.42.45-768x512.jpeg 768w, https:\/\/maricatotal.com.br\/site\/wp-content\/uploads\/2019\/11\/WhatsApp-Image-2019-11-20-at-22.42.45.jpeg 1280w\" sizes=\"auto, (max-width: 1024px) 100vw, 1024px\" \/><\/figure>\n\n\n\n<p>Deslumbramento e encanto foram os ingredientes que temperaram o primeiro dia do Desfile de Natal em Ara\u00e7atiba, realizado na noite desta quarta-feira (20\/11), pela secretaria municipal de Turismo. Adultos, idosos e, principalmente, crian\u00e7as estavam incr\u00e9dulas e a grande maioria com olhos marejados ao assistir a alegria dos 200 componentes distribu\u00eddos em seis carros aleg\u00f3ricos e sete alas.<\/p>\n\n\n\n<p>Com dura\u00e7\u00e3o de 70 minutos, os participantes caracterizados e maquiados desfilaram pela rua \u00c1lvares de Castro levando muita alegria e estampado no rosto o orgulho de representar a cidade.<\/p>\n\n\n\n<p>Logo ap\u00f3s a ala dos soldadinhos de chumbo, na comiss\u00e3o de frente, as amigas Juliana Oliveira, de 18 anos, moradora do Barroco, e Amanda Saraiva, de 14 anos, moradora de Itapeba, desfilaram como bailarinas. Elas confessaram a ansiedade e o orgulho em participar pela primeira vez da parada natalina. \u201cEstou bem nervosa. Convidei meu pai para vir me assistir porque adoro o Natal que \u00e9 \u00e9poca de luz e amor. Tenho orgulho de estar aqui representando a minha cidade\u201d, ressaltou. J\u00e1 para a Amanda, \u00e9 uma grande honra participar do Natal Iluminado. \u201cEstou muito feliz. A cidade est\u00e1 linda. Toda decorada e iluminada. Uma sensa\u00e7\u00e3o \u00fanica\u201d, explicou.<\/p>\n\n\n\n<p>O personagem mais esperado da noite, o Papai Noel, quando apareceu no \u00faltimo carro do desfile arrancou gritos e aplausos empolgantes da plateia. Francisco C\u00e9sar Mour\u00e3o, de 55 anos, morador de Corderinho, que participa pelo segundo ano como Papai Noel falou da emo\u00e7\u00e3o em ser o bom velhinho. \u201c\u00c9 uma troca muito boa que me motiva muito. N\u00e3o tenho palavras para descrever o que \u00e9 receber a energia do p\u00fabico, principalmente, das crian\u00e7as\u201d, salientou.<\/p>\n\n\n\n<p>E \u00e9 exatamente essa magia que contagia o p\u00fablico. O morador de Itaipua\u00e7u, Marcelo Fraz\u00e3o, de 40 anos, prestigiou o desfile com a esposa N\u00fabia Barros, de 32 anos, e com o filho Jo\u00e3o Vitor Barros, de cinco anos. \u201c\u00c9 maravilhoso poder ver o brilho no olhar das pessoas ao ver a decora\u00e7\u00e3o da cidade. \u00c9 tudo muito m\u00e1gico\u201d, frisou.<\/p>\n\n\n\n<p>O morador de S\u00e3o Jos\u00e9 do Imbassa\u00ed, Ari Rodrigues, de 38 anos, levou a enteada \u00cdsis do Nascimento, de sete anos, para conferir os personagens e destacou o orgulho em morar na cidade. \u201cTudo me encanta muito. Quero tirar foto de tudo para mostrar aos meus amigos e falar que tudo isso acontece na cidade onde moro. \u00c9 muito amor envolvido\u201d, explanou.<\/p>\n\n\n\n<p>A moradora de Guaratiba, Maria de Lourdes Rocha, de 62 anos, assistiu o desfile colada na grade para n\u00e3o perder nenhum detalhe. \u201c\u00c9 a \u00e9poca do ano que mais amo por ser o nascimento do Menino Jesus. Ver tudo isso nos remete a nossa inf\u00e2ncia, voltamos a ser crian\u00e7as, felizes e sem problemas. A festa \u00e9 bem organizada, com seguran\u00e7a, um espet\u00e1culo\u201d, disse Maria, muito emocionada.<\/p>\n\n\n\n<p>E a festa natalina n\u00e3o agrada apenas o p\u00fablico, os comerciantes do local tamb\u00e9m agradecem. A propriet\u00e1ria da Carne do Restaurante Carne de Sol do Robinho, Helo\u00edsa Medeiros, de 50 anos, ressaltou a import\u00e2ncia da festa natalina em Ara\u00e7atiba para o seu estabelecimento. \u201cNos preparamos meses antes, estocando mercadorias para atender os clientes da melhor forma. O nosso movimento aumenta significativamente por causa do Natal Iluminado o que aumenta nossos lucros\u201d, salientou.<\/p>\n\n\n\n<p>A propriet\u00e1ria do food truck Sandu\u00edches com Abacaxi, Angela Monte Cunha, de 67 anos, acha fundamental o investimento com a decora\u00e7\u00e3o e festa natalina. \u201cAguardamos ansiosos a chegada dessa \u00e9poca para potencializar nosso movimento. O que posso comprar com anteced\u00eancia, eu estoco para garantir nossa qualidade. A festa \u00e9 linda e excelente para n\u00f3s comerciantes\u201d, afirmou.<\/p>\n\n\n\n<p>O desfile ocorre todas as sextas, s\u00e1bados e domingos, \u00e0s 21h, al\u00e9m de uma edi\u00e7\u00e3o especial no dia de Natal (25\/12), marcando o encerramento da parada natalina.<\/p>\n","protected":false},"excerpt":{"rendered":"<p>Deslumbramento e encanto foram os ingredientes que temperaram o primeiro dia do Desfile de Natal em Ara\u00e7atiba, realizado na noite<\/p>\n","protected":false},"author":1,"featured_media":0,"comment_status":"open","ping_status":"open","sticky":false,"template":"","format":"standard","meta":{"colormag_page_container_layout":"default_layout","colormag_page_sidebar_layout":"default_layout","footnotes":""},"categories":[18],"tags":[],"class_list":["post-4767","post","type-post","status-publish","format-standard","hentry","category-entretenimento"],"amp_enabled":true,"_links":{"self":[{"href":"https:\/\/maricatotal.com.br\/site\/wp-json\/wp\/v2\/posts\/4767","targetHints":{"allow":["GET"]}}],"collection":[{"href":"https:\/\/maricatotal.com.br\/site\/wp-json\/wp\/v2\/posts"}],"about":[{"href":"https:\/\/maricatotal.com.br\/site\/wp-json\/wp\/v2\/types\/post"}],"author":[{"embeddable":true,"href":"https:\/\/maricatotal.com.br\/site\/wp-json\/wp\/v2\/users\/1"}],"replies":[{"embeddable":true,"href":"https:\/\/maricatotal.com.br\/site\/wp-json\/wp\/v2\/comments?post=4767"}],"version-history":[{"count":0,"href":"https:\/\/maricatotal.com.br\/site\/wp-json\/wp\/v2\/posts\/4767\/revisions"}],"wp:attachment":[{"href":"https:\/\/maricatotal.com.br\/site\/wp-json\/wp\/v2\/media?parent=4767"}],"wp:term":[{"taxonomy":"category","embeddable":true,"href":"https:\/\/maricatotal.com.br\/site\/wp-json\/wp\/v2\/categories?post=4767"},{"taxonomy":"post_tag","embeddable":true,"href":"https:\/\/maricatotal.com.br\/site\/wp-json\/wp\/v2\/tags?post=4767"}],"curies":[{"name":"wp","href":"https:\/\/api.w.org\/{rel}","templated":true}]}}