{"id":47692,"date":"2023-01-13T11:18:45","date_gmt":"2023-01-13T14:18:45","guid":{"rendered":"https:\/\/maricatotal.com.br\/site\/?p=47692"},"modified":"2023-01-13T11:18:46","modified_gmt":"2023-01-13T14:18:46","slug":"campanha-de-adocao-de-caes-e-gatos-acontece-neste-domingo-15-01-em-marica","status":"publish","type":"post","link":"https:\/\/maricatotal.com.br\/site\/2023\/01\/13\/campanha-de-adocao-de-caes-e-gatos-acontece-neste-domingo-15-01-em-marica\/","title":{"rendered":"Campanha de ado\u00e7\u00e3o de c\u00e3es e gatos acontece neste domingo (15\/01) em Maric\u00e1"},"content":{"rendered":"\n<p>A Prefeitura de Maric\u00e1, por meio da Coordenadoria Especial de Prote\u00e7\u00e3o Animal, realiza neste domingo (15\/01), das 13h \u00e0s 17h, a primeira campanha de ado\u00e7\u00e3o de c\u00e3es e gatos deste ano no estacionamento do Shopping Boulevard Maric\u00e1. A a\u00e7\u00e3o, tamb\u00e9m feita em conjunto com protetores do munic\u00edpio, tem o objetivo de encontrar um novo lar para cerca de 30 animais resgatados das ruas ou disponibilizados por cidad\u00e3os.<\/p>\n\n\n\n<p>Realizada todo terceiro domingo de cada m\u00eas, a campanha j\u00e1 encontrou um novo lar para mais de 500 animais em pouco mais de um ano e meio. Todos os animais s\u00e3o vermifugados e os adultos, castrados. J\u00e1 os filhotes t\u00eam castra\u00e7\u00e3o garantida pela coordenadoria aos seis meses de idade. Os interessados em adotar um amiguinho devem ser maiores de 18 anos e apresentar c\u00f3pias da identidade, CPF e do comprovante de resid\u00eancia.<\/p>\n\n\n\n<p>Coordenadoria de Prote\u00e7\u00e3o Animal (Cepa)<\/p>\n\n\n\n<p>Criada em 2017, a Cepa desenvolve diversas a\u00e7\u00f5es e pol\u00edticas p\u00fablicas para proporcionar bem-estar e prote\u00e7\u00e3o aos animais, como o programa de controle reprodutivo e as campanhas de ado\u00e7\u00e3o e de conscientiza\u00e7\u00e3o sobre abandono, que acontecem em parceria com protetores, moradores e comerciantes. Com a iniciativa, mais de 500 animais j\u00e1 foram retirados das ruas e adotados. Desde 2019, j\u00e1 foram realizadas 5.500 castra\u00e7\u00f5es em toda a cidade.<\/p>\n","protected":false},"excerpt":{"rendered":"<p>A Prefeitura de Maric\u00e1, por meio da Coordenadoria Especial de Prote\u00e7\u00e3o Animal, realiza neste domingo (15\/01), das 13h \u00e0s 17h,<\/p>\n","protected":false},"author":1,"featured_media":47694,"comment_status":"open","ping_status":"open","sticky":false,"template":"","format":"standard","meta":{"colormag_page_container_layout":"default_layout","colormag_page_sidebar_layout":"default_layout","footnotes":""},"categories":[1],"tags":[],"class_list":["post-47692","post","type-post","status-publish","format-standard","has-post-thumbnail","hentry","category-noticias"],"amp_enabled":true,"_links":{"self":[{"href":"https:\/\/maricatotal.com.br\/site\/wp-json\/wp\/v2\/posts\/47692","targetHints":{"allow":["GET"]}}],"collection":[{"href":"https:\/\/maricatotal.com.br\/site\/wp-json\/wp\/v2\/posts"}],"about":[{"href":"https:\/\/maricatotal.com.br\/site\/wp-json\/wp\/v2\/types\/post"}],"author":[{"embeddable":true,"href":"https:\/\/maricatotal.com.br\/site\/wp-json\/wp\/v2\/users\/1"}],"replies":[{"embeddable":true,"href":"https:\/\/maricatotal.com.br\/site\/wp-json\/wp\/v2\/comments?post=47692"}],"version-history":[{"count":1,"href":"https:\/\/maricatotal.com.br\/site\/wp-json\/wp\/v2\/posts\/47692\/revisions"}],"predecessor-version":[{"id":47695,"href":"https:\/\/maricatotal.com.br\/site\/wp-json\/wp\/v2\/posts\/47692\/revisions\/47695"}],"wp:featuredmedia":[{"embeddable":true,"href":"https:\/\/maricatotal.com.br\/site\/wp-json\/wp\/v2\/media\/47694"}],"wp:attachment":[{"href":"https:\/\/maricatotal.com.br\/site\/wp-json\/wp\/v2\/media?parent=47692"}],"wp:term":[{"taxonomy":"category","embeddable":true,"href":"https:\/\/maricatotal.com.br\/site\/wp-json\/wp\/v2\/categories?post=47692"},{"taxonomy":"post_tag","embeddable":true,"href":"https:\/\/maricatotal.com.br\/site\/wp-json\/wp\/v2\/tags?post=47692"}],"curies":[{"name":"wp","href":"https:\/\/api.w.org\/{rel}","templated":true}]}}