{"id":47706,"date":"2023-01-13T15:57:09","date_gmt":"2023-01-13T18:57:09","guid":{"rendered":"https:\/\/maricatotal.com.br\/site\/?p=47706"},"modified":"2023-01-13T15:57:10","modified_gmt":"2023-01-13T18:57:10","slug":"biofabrica-de-marica-recebe-visita-de-secretario-de-desenvolvimento-economico-do-ceara","status":"publish","type":"post","link":"https:\/\/maricatotal.com.br\/site\/2023\/01\/13\/biofabrica-de-marica-recebe-visita-de-secretario-de-desenvolvimento-economico-do-ceara\/","title":{"rendered":"Biof\u00e1brica de Maric\u00e1 recebe visita de secret\u00e1rio de Desenvolvimento Econ\u00f4mico do Cear\u00e1"},"content":{"rendered":"\n<p>O secret\u00e1rio estadual de Desenvolvimento Econ\u00f4mico do Cear\u00e1, Salmito Filho, visitou nesta quinta-feira (12\/01) as instala\u00e7\u00f5es da Biof\u00e1brica, que faz parte do Complexo de Laborat\u00f3rios de Pesquisa e Intelig\u00eancia Ambiental de Maric\u00e1, por meio do cons\u00f3rcio da Companhia de Desenvolvimento de Maric\u00e1 (Codemar) com a Universidade Federal Fluminense (UFF), nesta semana. Localizada em S\u00e3o Jos\u00e9 do Imbassa\u00ed, a proposta da Biof\u00e1brica \u00e9 produzir bioinsumos (microrganismos vivos) capazes de proporcionar as bases sustent\u00e1veis de inova\u00e7\u00e3o em saneamento alternativo, aquicultura e agroecologia, que s\u00e3o utilizados na revitaliza\u00e7\u00e3o das \u00e1guas de Maric\u00e1.<\/p>\n\n\n\n<figure class=\"wp-block-image size-large\"><img loading=\"lazy\" decoding=\"async\" width=\"1024\" height=\"683\" src=\"https:\/\/maricatotal.com.br\/site\/wp-content\/uploads\/2023\/01\/img_9298-1024x683.jpg\" class=\"wp-image-47702\" srcset=\"https:\/\/maricatotal.com.br\/site\/wp-content\/uploads\/2023\/01\/img_9298-1024x683.jpg 1024w, https:\/\/maricatotal.com.br\/site\/wp-content\/uploads\/2023\/01\/img_9298-300x200.jpg 300w, https:\/\/maricatotal.com.br\/site\/wp-content\/uploads\/2023\/01\/img_9298-768x512.jpg 768w, https:\/\/maricatotal.com.br\/site\/wp-content\/uploads\/2023\/01\/img_9298-1536x1024.jpg 1536w, https:\/\/maricatotal.com.br\/site\/wp-content\/uploads\/2023\/01\/img_9298-2048x1366.jpg 2048w\" sizes=\"auto, (max-width: 1024px) 100vw, 1024px\" \/><\/figure>\n\n\n\n<p>\u201cNosso papel \u00e9 executar projetos de fomento ao desenvolvimento do munic\u00edpio e, se outras gest\u00f5es querem reproduzir o que fazemos aqui, \u00e9 sinal de que o trabalho est\u00e1 sendo efetivo\u201d, pontua o presidente da Codemar, Hamilton Lacerda. Com as a\u00e7\u00f5es colocadas em pr\u00e1tica, em um ano, pesquisadores da UFF observaram aumento de 200% das esp\u00e9cies da fauna e flora da Lagoa de Ara\u00e7atiba, conectada aos rios Mumbuca e Ludgero, os canais Buris e Itapeba e os cursos d\u2019\u00e1gua margeados pelas orlas do Marine e do Z\u00e9 Garoto.<\/p>\n\n\n\n<figure class=\"wp-block-image size-large\"><img loading=\"lazy\" decoding=\"async\" width=\"1024\" height=\"683\" src=\"https:\/\/maricatotal.com.br\/site\/wp-content\/uploads\/2023\/01\/img_9297-1024x683.jpg\" class=\"wp-image-47703\" srcset=\"https:\/\/maricatotal.com.br\/site\/wp-content\/uploads\/2023\/01\/img_9297-1024x683.jpg 1024w, https:\/\/maricatotal.com.br\/site\/wp-content\/uploads\/2023\/01\/img_9297-300x200.jpg 300w, https:\/\/maricatotal.com.br\/site\/wp-content\/uploads\/2023\/01\/img_9297-768x512.jpg 768w, https:\/\/maricatotal.com.br\/site\/wp-content\/uploads\/2023\/01\/img_9297-1536x1024.jpg 1536w, https:\/\/maricatotal.com.br\/site\/wp-content\/uploads\/2023\/01\/img_9297-2048x1366.jpg 2048w\" sizes=\"auto, (max-width: 1024px) 100vw, 1024px\" \/><\/figure>\n\n\n\n<p>\u201cEstamos visitando Maric\u00e1 para conhecer algumas experi\u00eancias de solu\u00e7\u00f5es importantes no que diz respeito a boa conex\u00e3o do conhecimento cient\u00edfico e da solu\u00e7\u00e3o tecnol\u00f3gica. Com essa experi\u00eancia, podemos estabelecer parcerias para levar essas solu\u00e7\u00f5es para o estado do Cear\u00e1. Nossa perspectiva \u00e9 construir um desenvolvimento sustent\u00e1vel que tenha sustentabilidade econ\u00f4mica, social e ambiental \u2013 uma marca do estado do Cear\u00e1 e um compromisso do governador Elmano de Freitas\u201d, ressaltou o secret\u00e1rio Estadual de Desenvolvimento Econ\u00f4mico do Cear\u00e1, Salmito Filho.<\/p>\n\n\n\n<figure class=\"wp-block-image size-large\"><img loading=\"lazy\" decoding=\"async\" width=\"1024\" height=\"683\" src=\"https:\/\/maricatotal.com.br\/site\/wp-content\/uploads\/2023\/01\/img_9296-1024x683.jpg\" class=\"wp-image-47704\" srcset=\"https:\/\/maricatotal.com.br\/site\/wp-content\/uploads\/2023\/01\/img_9296-1024x683.jpg 1024w, https:\/\/maricatotal.com.br\/site\/wp-content\/uploads\/2023\/01\/img_9296-300x200.jpg 300w, https:\/\/maricatotal.com.br\/site\/wp-content\/uploads\/2023\/01\/img_9296-768x512.jpg 768w, https:\/\/maricatotal.com.br\/site\/wp-content\/uploads\/2023\/01\/img_9296-1536x1024.jpg 1536w, https:\/\/maricatotal.com.br\/site\/wp-content\/uploads\/2023\/01\/img_9296-2048x1366.jpg 2048w\" sizes=\"auto, (max-width: 1024px) 100vw, 1024px\" \/><\/figure>\n\n\n\n<p>O coordenador geral do Programa Lagoa Viva e professor do Instituto de Geoci\u00eancias da UFF, Estefan Monteiro, explica que o Centro de Pesquisas em Saneamento e Estudos Oceanogr\u00e1ficos surgiu a partir de uma s\u00e9rie de projetos na \u00e1rea ambiental de gest\u00e3o de saneamento desenvolvidos pelos departamentos de Geologia e Geof\u00edsica da UFF. \u201cA partir dos m\u00e9todos elaborados, n\u00f3s pesquisadores entendemos a necessidade de aplic\u00e1-los al\u00e9m dos muros da institui\u00e7\u00e3o. Nos empenhamos muito em fazer do trabalho em Maric\u00e1 um modelo para o Brasil e o mundo\u201d, celebra Monteiro.<\/p>\n\n\n\n<p>Al\u00e9m do coordenador geral, a equipe do projeto multidisciplinar \u00e9 formada por Marcelo Pompermayer, coordenador adjunto da Aequor, da UFF; Leonardo Lima, diretor de Pesquisa de Desenvolvimento e Inova\u00e7\u00e3o (PDI) da Biotec Maric\u00e1; Jessica Delgado, coordenadora \u00c1guas Subterr\u00e2neas; Fabiana Cunha, coordenadora do Programa de Aperfei\u00e7oamento T\u00e9cnico e Cient\u00edfico (PATeC); e Khau\u00ea Vieira, engenheiro de aquicultura, doutor em Programa de din\u00e2micas do oceano e da terra pela UFF e coordenador do laborat\u00f3rio de micropl\u00e1sticos.<\/p>\n","protected":false},"excerpt":{"rendered":"<p>O secret\u00e1rio estadual de Desenvolvimento Econ\u00f4mico do Cear\u00e1, Salmito Filho, visitou nesta quinta-feira (12\/01) as instala\u00e7\u00f5es da Biof\u00e1brica, que faz<\/p>\n","protected":false},"author":1,"featured_media":47705,"comment_status":"open","ping_status":"open","sticky":false,"template":"","format":"standard","meta":{"colormag_page_container_layout":"default_layout","colormag_page_sidebar_layout":"default_layout","footnotes":""},"categories":[1],"tags":[],"class_list":["post-47706","post","type-post","status-publish","format-standard","has-post-thumbnail","hentry","category-noticias"],"amp_enabled":true,"_links":{"self":[{"href":"https:\/\/maricatotal.com.br\/site\/wp-json\/wp\/v2\/posts\/47706","targetHints":{"allow":["GET"]}}],"collection":[{"href":"https:\/\/maricatotal.com.br\/site\/wp-json\/wp\/v2\/posts"}],"about":[{"href":"https:\/\/maricatotal.com.br\/site\/wp-json\/wp\/v2\/types\/post"}],"author":[{"embeddable":true,"href":"https:\/\/maricatotal.com.br\/site\/wp-json\/wp\/v2\/users\/1"}],"replies":[{"embeddable":true,"href":"https:\/\/maricatotal.com.br\/site\/wp-json\/wp\/v2\/comments?post=47706"}],"version-history":[{"count":1,"href":"https:\/\/maricatotal.com.br\/site\/wp-json\/wp\/v2\/posts\/47706\/revisions"}],"predecessor-version":[{"id":47707,"href":"https:\/\/maricatotal.com.br\/site\/wp-json\/wp\/v2\/posts\/47706\/revisions\/47707"}],"wp:featuredmedia":[{"embeddable":true,"href":"https:\/\/maricatotal.com.br\/site\/wp-json\/wp\/v2\/media\/47705"}],"wp:attachment":[{"href":"https:\/\/maricatotal.com.br\/site\/wp-json\/wp\/v2\/media?parent=47706"}],"wp:term":[{"taxonomy":"category","embeddable":true,"href":"https:\/\/maricatotal.com.br\/site\/wp-json\/wp\/v2\/categories?post=47706"},{"taxonomy":"post_tag","embeddable":true,"href":"https:\/\/maricatotal.com.br\/site\/wp-json\/wp\/v2\/tags?post=47706"}],"curies":[{"name":"wp","href":"https:\/\/api.w.org\/{rel}","templated":true}]}}