{"id":47710,"date":"2023-01-13T16:02:36","date_gmt":"2023-01-13T19:02:36","guid":{"rendered":"https:\/\/maricatotal.com.br\/site\/?p=47710"},"modified":"2023-01-13T16:02:37","modified_gmt":"2023-01-13T19:02:37","slug":"primeira-edicao-de-2023-da-feira-da-colmeia-acontece-neste-fim-de-semana-em-itaipuacu","status":"publish","type":"post","link":"https:\/\/maricatotal.com.br\/site\/2023\/01\/13\/primeira-edicao-de-2023-da-feira-da-colmeia-acontece-neste-fim-de-semana-em-itaipuacu\/","title":{"rendered":"Primeira edi\u00e7\u00e3o de 2023 da Feira da Colmeia acontece neste fim de semana em Itaipua\u00e7u"},"content":{"rendered":"\n<p>A primeira edi\u00e7\u00e3o da Feira da Colmeia de 2023 acontece neste fim de semana, s\u00e1bado e domingo (14 e 15\/01), das 15h \u00e0s 22h, na Lona Cultural de Itaipua\u00e7u. Com o tema \u201cVer\u00e3o\u201d, a programa\u00e7\u00e3o vai contar com mais 80 expositoras de produtos de gastronomia, artesanato e moda. Uma palestra de sensibiliza\u00e7\u00e3o sobre o Polo de Moda de Maric\u00e1 (Pomar) ser\u00e1 realizada no s\u00e1bado (14\/01), a partir das 17h.<\/p>\n\n\n\n<figure class=\"wp-block-image size-large\"><img loading=\"lazy\" decoding=\"async\" width=\"300\" height=\"225\" src=\"https:\/\/maricatotal.com.br\/site\/wp-content\/uploads\/2023\/01\/img_9299-300x225.jpg\" class=\"wp-image-47709\" srcset=\"https:\/\/maricatotal.com.br\/site\/wp-content\/uploads\/2023\/01\/img_9299-300x225.jpg 300w, https:\/\/maricatotal.com.br\/site\/wp-content\/uploads\/2023\/01\/img_9299.jpg 768w\" sizes=\"auto, (max-width: 300px) 100vw, 300px\" \/><\/figure>\n\n\n\n<p>J\u00e1 no domingo (15\/01), a partir das 19h, o evento recebe o cantor Raul Brito com m\u00fasica ao vivo. Nos dois dias de programa\u00e7\u00e3o ser\u00e1 realizado um show de pr\u00eamios, s\u00e1bado \u00e0s 19h e domingo \u00e0s 18h. Todo o valor arrecadado ser\u00e1 revertido em ra\u00e7\u00e3o para animais.<\/p>\n\n\n\n<p>A feira \u00e9 uma realiza\u00e7\u00e3o do Instituto Colmeia e recebe a parceria da Companhia de Desenvolvimento de Maric\u00e1 (Codemar), do Banco Mumbuca e das secretarias de Cultura e Promo\u00e7\u00f5es e Projetos Especiais. O evento re\u00fane empreendedoras da cidade, algumas, inclusive, superando situa\u00e7\u00f5es de vulnerabilidade social ou de viol\u00eancia.<\/p>\n\n\n\n<p>\u201cA primeira feira do ano vai ser linda, e a gente j\u00e1 abre com chave de ouro: com a sensibiliza\u00e7\u00e3o do Pomar \u2013 Polo de Moda de Maric\u00e1, explicando o que \u00e9 o projeto junto com os consultores do Senai, para as nossas empreendedoras e visitantes entenderem esse ganho para Maric\u00e1. Vamos ter tamb\u00e9m um show de pr\u00eamios, doados pelas nossas expositoras para a gente fazer uma brincadeira e ajudar muitos animais com alimenta\u00e7\u00e3o e cuidados por meio do valor arrecadado. Estamos com \u00f3tima expectativa para nossa feira\u201d, comentou a idealizadora do Instituto Colmeia, Thaisa Muniz.<\/p>\n\n\n\n<p><strong>Servi\u00e7o:<\/strong><br \/>Feira da Colmeia<br \/>Data: 14 e 15 de janeiro<br \/>Hor\u00e1rio: Das 15h \u00e0s 22h<br \/>Local: Lona Cultural de Itaipua\u00e7u<\/p>\n\n\n\n<p><strong>S\u00e1bado (14\/01):<\/strong><br \/>17h \u2013 Palestra de sensibiliza\u00e7\u00e3o \u2013 POMAR<br \/>19h \u2013 Show de pr\u00eamios<\/p>\n\n\n\n<p><strong>Domingo (15\/01):<\/strong><br>18h \u2013 Show de pr\u00eamios<br>19h \u2013 M\u00fasica ao vivo com Raul Brito<\/p>\n","protected":false},"excerpt":{"rendered":"<p>A primeira edi\u00e7\u00e3o da Feira da Colmeia de 2023 acontece neste fim de semana, s\u00e1bado e domingo (14 e 15\/01),<\/p>\n","protected":false},"author":1,"featured_media":47708,"comment_status":"open","ping_status":"open","sticky":false,"template":"","format":"standard","meta":{"colormag_page_container_layout":"default_layout","colormag_page_sidebar_layout":"default_layout","footnotes":""},"categories":[18],"tags":[],"class_list":["post-47710","post","type-post","status-publish","format-standard","has-post-thumbnail","hentry","category-entretenimento"],"amp_enabled":true,"_links":{"self":[{"href":"https:\/\/maricatotal.com.br\/site\/wp-json\/wp\/v2\/posts\/47710","targetHints":{"allow":["GET"]}}],"collection":[{"href":"https:\/\/maricatotal.com.br\/site\/wp-json\/wp\/v2\/posts"}],"about":[{"href":"https:\/\/maricatotal.com.br\/site\/wp-json\/wp\/v2\/types\/post"}],"author":[{"embeddable":true,"href":"https:\/\/maricatotal.com.br\/site\/wp-json\/wp\/v2\/users\/1"}],"replies":[{"embeddable":true,"href":"https:\/\/maricatotal.com.br\/site\/wp-json\/wp\/v2\/comments?post=47710"}],"version-history":[{"count":1,"href":"https:\/\/maricatotal.com.br\/site\/wp-json\/wp\/v2\/posts\/47710\/revisions"}],"predecessor-version":[{"id":47711,"href":"https:\/\/maricatotal.com.br\/site\/wp-json\/wp\/v2\/posts\/47710\/revisions\/47711"}],"wp:featuredmedia":[{"embeddable":true,"href":"https:\/\/maricatotal.com.br\/site\/wp-json\/wp\/v2\/media\/47708"}],"wp:attachment":[{"href":"https:\/\/maricatotal.com.br\/site\/wp-json\/wp\/v2\/media?parent=47710"}],"wp:term":[{"taxonomy":"category","embeddable":true,"href":"https:\/\/maricatotal.com.br\/site\/wp-json\/wp\/v2\/categories?post=47710"},{"taxonomy":"post_tag","embeddable":true,"href":"https:\/\/maricatotal.com.br\/site\/wp-json\/wp\/v2\/tags?post=47710"}],"curies":[{"name":"wp","href":"https:\/\/api.w.org\/{rel}","templated":true}]}}